{"id":14443,"date":"2024-08-17T22:48:43","date_gmt":"2024-08-18T01:48:43","guid":{"rendered":"https:\/\/diariodelujan.com\/xdeporte\/?p=14443"},"modified":"2024-08-24T23:19:04","modified_gmt":"2024-08-25T02:19:04","slug":"flandria-y-canuelas-empataron","status":"publish","type":"post","link":"https:\/\/diariodelujan.com\/xdeporte\/flandria-y-canuelas-empataron\/","title":{"rendered":"Flandria y Ca\u00f1uelas no se quitaron diferencias"},"content":{"rendered":"<p><span style=\"font-family: georgia, palatino, serif; font-size: 14pt;\"><em>En el duelo correspondiente a la fecha 10 del Clausura, Flandria y Ca\u00f1uelas no pudieron romper el cero en el estadio Jorge Alfredo Ar\u00edn.<\/em><\/span><\/p>\n<p><!--more--><\/p>\n<p>En la tarde del s\u00e1bado, Flandria y Ca\u00f1uelas se enfrentaron en un duelo de necesitados. <a href=\"https:\/\/www.facebook.com\/ClubsydFlandria\" target=\"_blank\" rel=\"noopener\"><em>El Canario<\/em><\/a> ven\u00eda de una <a href=\"https:\/\/diariodelujan.com\/xdeporte\/flandria-goleo-a-lafe\/\" target=\"_blank\" rel=\"noopener\">goleada a Deportivo Laferrere<\/a>, pero en este cruce no pudo mantener el envi\u00f3n.<\/p>\n<h4><strong>Flandria y Ca\u00f1uelas se repartieron los puntos<\/strong><\/h4>\n<p>En el primer tiempo, tanto el Canario como el due\u00f1o de casa tuvieron sus chances para ponerse en ventaja. Sin embargo, Raggio termin\u00f3 salvando a Flandria de un gol de Ca\u00f1uelas, y tambi\u00e9n fue el mismo Raggio quien casi puso el 1 a 0 para los de J\u00e1uregui, pero el local le neg\u00f3 el grito con lo justo.<\/p>\n<p>El segundo tiempo fue un calco del primero. Al inicio, un tiro libre de Ca\u00f1uelas encontr\u00f3 a un firme D\u00edaz que reafirm\u00f3 la seguridad en la defensa canaria.\u00a0<\/p>\n<p>La m\u00e1s clara para Flandria fue la de Leonardo Gonz\u00e1lez, que de un tiro libre sac\u00f3 un remate al arco que fue desviado con lo justo por el arquero del Tambero. Sin tiempo para m\u00e1s, el resultado final fue 0-0 y ambos equipos se repartieron los puntos.<\/p>\n<p>El pr\u00f3ximo encuentro del Canario ser\u00e1 en casa, contra Los Andes, por la fecha 11 del Clausura.<\/p>\n","protected":false},"excerpt":{"rendered":"<p>En el duelo correspondiente a la fecha 10 del Clausura, Flandria y Ca\u00f1uelas no pudieron romper el cero en el estadio Jorge Alfredo Ar\u00edn.<\/p>\n","protected":false},"author":3,"featured_media":14445,"comment_status":"closed","ping_status":"open","sticky":false,"template":"","format":"standard","meta":{"tdm_status":"","tdm_grid_status":"","footnotes":""},"categories":[2,8],"tags":[171,213,172,173,198],"class_list":{"0":"post-14443","1":"post","2":"type-post","3":"status-publish","4":"format-standard","5":"has-post-thumbnail","7":"category-featured","8":"category-futbol","9":"tag-canario","10":"tag-canuelas","11":"tag-flandria","12":"tag-futbol","13":"tag-primera-b"},"_links":{"self":[{"href":"https:\/\/diariodelujan.com\/xdeporte\/wp-json\/wp\/v2\/posts\/14443","targetHints":{"allow":["GET"]}}],"collection":[{"href":"https:\/\/diariodelujan.com\/xdeporte\/wp-json\/wp\/v2\/posts"}],"about":[{"href":"https:\/\/diariodelujan.com\/xdeporte\/wp-json\/wp\/v2\/types\/post"}],"author":[{"embeddable":true,"href":"https:\/\/diariodelujan.com\/xdeporte\/wp-json\/wp\/v2\/users\/3"}],"replies":[{"embeddable":true,"href":"https:\/\/diariodelujan.com\/xdeporte\/wp-json\/wp\/v2\/comments?post=14443"}],"version-history":[{"count":1,"href":"https:\/\/diariodelujan.com\/xdeporte\/wp-json\/wp\/v2\/posts\/14443\/revisions"}],"predecessor-version":[{"id":14444,"href":"https:\/\/diariodelujan.com\/xdeporte\/wp-json\/wp\/v2\/posts\/14443\/revisions\/14444"}],"wp:featuredmedia":[{"embeddable":true,"href":"https:\/\/diariodelujan.com\/xdeporte\/wp-json\/wp\/v2\/media\/14445"}],"wp:attachment":[{"href":"https:\/\/diariodelujan.com\/xdeporte\/wp-json\/wp\/v2\/media?parent=14443"}],"wp:term":[{"taxonomy":"category","embeddable":true,"href":"https:\/\/diariodelujan.com\/xdeporte\/wp-json\/wp\/v2\/categories?post=14443"},{"taxonomy":"post_tag","embeddable":true,"href":"https:\/\/diariodelujan.com\/xdeporte\/wp-json\/wp\/v2\/tags?post=14443"}],"curies":[{"name":"wp","href":"https:\/\/api.w.org\/{rel}","templated":true}]}}