{"id":14468,"date":"2024-08-18T13:24:21","date_gmt":"2024-08-18T16:24:21","guid":{"rendered":"https:\/\/diariodelujan.com\/xdeporte\/?p=14468"},"modified":"2024-09-03T23:07:19","modified_gmt":"2024-09-04T02:07:19","slug":"renovada-pista-de-atletismo","status":"publish","type":"post","link":"https:\/\/diariodelujan.com\/xdeporte\/renovada-pista-de-atletismo\/","title":{"rendered":"Qued\u00f3 lista la renovada pista de atletismo del Polideportivo"},"content":{"rendered":"<p><em>Finalizaron las obras de renovaci\u00f3n de la pista de atletismo del Polideportivo Municipal, realizadas con el prop\u00f3sito de mejorar las condiciones de las pr\u00e1cticas deportivas.<\/em><!--more--><\/p>\n<p>El acto de reinauguraci\u00f3n cont\u00f3 con la presencia del intendente local quien anunci\u00f3: \u201cSe vienen nuevos ba\u00f1os para el Polideportivo, una reforma integral de los vestuarios, un circuito aer\u00f3bico recreativo. Y en breve vamos a inaugurar algunas canchas de f\u00fatbol 11 en otros espacios\u201d.<\/p>\n<h4><strong>El nombre de la pista<\/strong><\/h4>\n<p>Por otra parte, se realiz\u00f3 el descubrimiento de una placa en homenaje a Mat\u00edas Carabajal, pionero del atletismo lujanense y quien da nombre a la pista. Tambi\u00e9n se entregaron reconocimientos a Paola L\u00f3pez, a familiares de Roberto Bustamante, y Ra\u00fal Su\u00e1rez, grandes promotores de la disciplina en nuestro distrito.<\/p>\n<p>\u201cLa pista del Polideportivo de una de las ciudades m\u00e1s importantes de la provincia de Buenos Aires lleva mi nombre. Eso es un sue\u00f1o. El Concejo Deliberante de hace muchos a\u00f1os decidi\u00f3 un\u00e1nimemente que fuera as\u00ed, le agradezco al intendente Boto por reponer la placa recordatoria y por esta obra tan importante\u201d, se emocion\u00f3 Mat\u00edas Carabajal de 87 a\u00f1os, uno de los grandes promotores del atletismo en nuestra ciudad.<\/p>\n<p>Acto seguido, se dio inicio a una vuelta simb\u00f3lica que dej\u00f3 oficialmente inaugurada la nueva pista de atletismo, de la que participaron diversos grupos de corredores organizados, alumnos de la carrera de Educaci\u00f3n F\u00edsica del <a href=\"https:\/\/institutoemignone-bue.infd.edu.ar\/sitio\/historia\/\" target=\"_blank\" rel=\"noopener\">Instituto Municipal \u201cEmilio Mignone\u201d<\/a>, profesores del Centro de Educaci\u00f3n F\u00edsica N\u00b0 27 de Luj\u00e1n y alumnos del Taller de Caminata de Adultos Mayores, entre otros.<\/p>\n<p>\u201cEs una alegr\u00eda muy grande ser parte de este proceso de recuperaci\u00f3n que viene teniendo el Polideportivo Municipal. Desde 2019 venimos afrontando diferentes reformas que se van concretando como parte de una decisi\u00f3n pol\u00edtica y vamos a seguir trabajando en ese sentido. La pista era una deuda pendiente con los atletas de nuestra ciudad y se puso manos a la obra y se empez\u00f3 a trabajar para concretar esto que hoy estamos celebrando. Quiero agradecer a Leo por el compromiso y cumplir con su palabra, que es muy importante en los tiempos que corren. Cuando hay cierto descreimiento de la dirigencia pol\u00edtica, en Luj\u00e1n tenemos un intendente que est\u00e1 a la altura de las circunstancias, que est\u00e1 transformando Luj\u00e1n, y que est\u00e1 manteniendo al deporte como una de las pol\u00edticas p\u00fablicas m\u00e1s importantes de su gesti\u00f3n\u201d, afirm\u00f3 Federico Vanin, Secretario de Desarrollo Humano.<\/p>\n<p><a href=\"https:\/\/diariodelujan.com\/xdeporte\/wp-content\/uploads\/2024\/08\/Deportes-Inauguracion-Pista-Atletismo.jpg\"><img loading=\"lazy\" decoding=\"async\" class=\"alignnone size-full wp-image-14473\" src=\"https:\/\/diariodelujan.com\/xdeporte\/wp-content\/uploads\/2024\/08\/Deportes-Inauguracion-Pista-Atletismo.jpg\" alt=\"Pista Polideportivo\" width=\"700\" height=\"480\" title=\"\" srcset=\"https:\/\/diariodelujan.com\/xdeporte\/wp-content\/uploads\/2024\/08\/Deportes-Inauguracion-Pista-Atletismo.jpg 700w, https:\/\/diariodelujan.com\/xdeporte\/wp-content\/uploads\/2024\/08\/Deportes-Inauguracion-Pista-Atletismo-300x206.jpg 300w, https:\/\/diariodelujan.com\/xdeporte\/wp-content\/uploads\/2024\/08\/Deportes-Inauguracion-Pista-Atletismo-613x420.jpg 613w, https:\/\/diariodelujan.com\/xdeporte\/wp-content\/uploads\/2024\/08\/Deportes-Inauguracion-Pista-Atletismo-218x150.jpg 218w, https:\/\/diariodelujan.com\/xdeporte\/wp-content\/uploads\/2024\/08\/Deportes-Inauguracion-Pista-Atletismo-696x477.jpg 696w\" sizes=\"auto, (max-width: 700px) 100vw, 700px\" \/><\/a><\/p>\n<p>Las obras de renovaci\u00f3n de la pista de atletismo buscaron brindarle a la superficie una mayor elasticidad y absorci\u00f3n de impacto.<\/p>\n<p>En este sentido, las tareas comenzaron con la construcci\u00f3n de una nueva base con suelos seleccionados con adici\u00f3n de cemento y cal -para fortalecer su capacidad resistente e impermeabilidad-, y la ejecuci\u00f3n de obras hidr\u00e1ulicas para incrementar la vida \u00fatil de la pista.<\/p>\n<p>Asimismo, se mejor\u00f3 la superficie de tr\u00e1nsito con la aplicaci\u00f3n de una cobertura externa ejecutada con conchilla mar\u00edtima y se reconstruyeron los cordones -fabricados por el propio Municipio con moldes elaborados a partir de los originales-.<\/p>\n<p>Las obras fueron financiadas con recursos propios y coordinadas por la Secretar\u00eda de Obras e Infraestructura.<\/p>\n<p>Estuvieron presentes adem\u00e1s, el presidente del Honorable Concejo Deliberante, C\u00e9sar Siror; el Jefe de Gabinete, Mat\u00edas Fern\u00e1ndez; el Secretario de Obras e Infraestructura, Abel Rausch; el Secretario de Salud, Esteban Strambi; y otros funcionarios del Municipio. Instituciones deportivas y trabajadores del \u00e1rea de deporte.<\/p>\n","protected":false},"excerpt":{"rendered":"<p>Finalizaron las obras de renovaci\u00f3n de la pista de atletismo del Polideportivo Municipal, realizadas con el prop\u00f3sito de mejorar las condiciones de las pr\u00e1cticas deportivas.<\/p>\n","protected":false},"author":4,"featured_media":14469,"comment_status":"closed","ping_status":"open","sticky":false,"template":"","format":"standard","meta":{"tdm_status":"","tdm_grid_status":"","footnotes":""},"categories":[112],"tags":[265,278],"class_list":{"0":"post-14468","1":"post","2":"type-post","3":"status-publish","4":"format-standard","5":"has-post-thumbnail","7":"category-atletismo","8":"tag-atletismo","9":"tag-pista"},"_links":{"self":[{"href":"https:\/\/diariodelujan.com\/xdeporte\/wp-json\/wp\/v2\/posts\/14468","targetHints":{"allow":["GET"]}}],"collection":[{"href":"https:\/\/diariodelujan.com\/xdeporte\/wp-json\/wp\/v2\/posts"}],"about":[{"href":"https:\/\/diariodelujan.com\/xdeporte\/wp-json\/wp\/v2\/types\/post"}],"author":[{"embeddable":true,"href":"https:\/\/diariodelujan.com\/xdeporte\/wp-json\/wp\/v2\/users\/4"}],"replies":[{"embeddable":true,"href":"https:\/\/diariodelujan.com\/xdeporte\/wp-json\/wp\/v2\/comments?post=14468"}],"version-history":[{"count":4,"href":"https:\/\/diariodelujan.com\/xdeporte\/wp-json\/wp\/v2\/posts\/14468\/revisions"}],"predecessor-version":[{"id":14474,"href":"https:\/\/diariodelujan.com\/xdeporte\/wp-json\/wp\/v2\/posts\/14468\/revisions\/14474"}],"wp:featuredmedia":[{"embeddable":true,"href":"https:\/\/diariodelujan.com\/xdeporte\/wp-json\/wp\/v2\/media\/14469"}],"wp:attachment":[{"href":"https:\/\/diariodelujan.com\/xdeporte\/wp-json\/wp\/v2\/media?parent=14468"}],"wp:term":[{"taxonomy":"category","embeddable":true,"href":"https:\/\/diariodelujan.com\/xdeporte\/wp-json\/wp\/v2\/categories?post=14468"},{"taxonomy":"post_tag","embeddable":true,"href":"https:\/\/diariodelujan.com\/xdeporte\/wp-json\/wp\/v2\/tags?post=14468"}],"curies":[{"name":"wp","href":"https:\/\/api.w.org\/{rel}","templated":true}]}}