{"id":14478,"date":"2024-08-19T11:04:48","date_gmt":"2024-08-19T14:04:48","guid":{"rendered":"https:\/\/diariodelujan.com\/xdeporte\/?p=14478"},"modified":"2024-09-03T23:07:18","modified_gmt":"2024-09-04T02:07:18","slug":"papeschi-busca-otro-titulo","status":"publish","type":"post","link":"https:\/\/diariodelujan.com\/xdeporte\/papeschi-busca-otro-titulo\/","title":{"rendered":"Papeschi va en busca de un nuevo t\u00edtulo"},"content":{"rendered":"<p><span style=\"font-size: 14pt; font-family: georgia, palatino, serif;\"><em>Sebasti\u00e1n \u201cLa Promesa\u201d Papeschi, el talentoso pugilista argentino, se prepara para una pelea crucial en su carrera, donde disputar\u00e1 el Cintur\u00f3n Fedelat\u00edn de la <a href=\"https:\/\/www.wbaboxing.com\/es\/tag\/asociacion-mundial-de-boxeo\" target=\"_blank\" rel=\"noopener\">AMB<\/a> en la categor\u00eda de medianos.<\/em><\/span><!--more--><\/p>\n<p>El 23 de agosto, el cuadril\u00e1tero del <a href=\"https:\/\/www.casinobuenosairesonline.bet.ar\/\" target=\"_blank\" rel=\"noopener\">Casino de Buenos Aires<\/a> ser\u00e1 el escenario de una emocionante batalla en el mundo del boxeo. Papedchi enfrentar\u00e1 al invicto venezolano Giodanny Jim\u00e9nez, quien ha demostrado ser un rival formidable.<\/p>\n<p><a href=\"https:\/\/www.diariodelujan.com\/wp-content\/uploads\/2024\/08\/Sebastian-Papeschi.webp\"><img loading=\"lazy\" decoding=\"async\" class=\"alignnone size-full wp-image-15049\" src=\"https:\/\/www.diariodelujan.com\/wp-content\/uploads\/2024\/08\/Sebastian-Papeschi.webp\" alt=\"Sebasti\u00e1n \u201cLa Promesa\u201d Papeschi\" width=\"1280\" height=\"720\" title=\"\"><\/a><\/p>\n<p>Papeschi, con 33 a\u00f1os y una s\u00f3lida trayectoria en el boxeo, se encuentra en un excelente estado f\u00edsico y an\u00edmico, lo que le permite abordar esta pelea con renovada determinaci\u00f3n. Su r\u00e9cord actual de 21 victorias, 7 de ellas por knockout, y 4 derrotas lo posiciona como un contendiente serio en la divisi\u00f3n mediana. La velada, que ser\u00e1 transmitida en vivo por <a href=\"https:\/\/www.tycsports.com\/\" target=\"_blank\" rel=\"noopener\">TyC Sports<\/a> y TyC Sports Play, promete ser un espect\u00e1culo de primer nivel, enmarcado en el programa \u201cKnock Out a las drogas\u201d, que durante una semana convertir\u00e1 a la Argentina en el centro del boxeo internacional.<\/p>\n<p>El desaf\u00edo de Papeschi es significativo. El <strong>Cintur\u00f3n Fedelat\u00edn<\/strong> representa una oportunidad crucial para avanzar en su carrera y abrir puertas hacia el \u00e1mbito internacional. La pelea se llevar\u00e1 a cabo en el cuadril\u00e1tero del Casino de Buenos Aires, en el ic\u00f3nico Puerto Madero, un lugar que ha sido testigo de numerosas noches de boxeo de alta calidad.<\/p>\n<p>Giodanny Jim\u00e9nez, el adversario de Papeschi, llega con una impresionante trayectoria en el \u00e1mbito profesional. El boxeador venezolano, radicado en Colombia, ostenta un r\u00e9cord de 13 combates, con 12 victorias por knockout y un empate. Esta ser\u00e1 su primera experiencia en un combate a diez asaltos, lo que a\u00f1ade una capa de incertidumbre a su desempe\u00f1o, pero tambi\u00e9n a su potencial sorpresa para los espectadores y para Papeschi.<\/p>\n<p>El equipo de Papeschi, conformado por el experimentado entrenador Alexis Mart\u00ednez, el preparador f\u00edsico Lucas Saavedra, el licenciado Esteban G\u00f3mez y el nutricionista Alejandro Ardiles, se ha preparado meticulosamente para este enfrentamiento. Cada miembro del equipo juega un papel fundamental en la preparaci\u00f3n integral del campe\u00f3n lujanense, asegurando que est\u00e9 en la mejor condici\u00f3n posible para el combate.<\/p>\n<p><a href=\"https:\/\/www.diariodelujan.com\/wp-content\/uploads\/2024\/08\/Sebastian-Papeschi-campeon-Mediano-Latino-FIB.webp\"><img loading=\"lazy\" decoding=\"async\" class=\"alignnone size-full wp-image-15050\" src=\"https:\/\/www.diariodelujan.com\/wp-content\/uploads\/2024\/08\/Sebastian-Papeschi-campeon-Mediano-Latino-FIB.webp\" alt=\"Sebasti\u00e1n \u201cLa Promesa\u201d Papeschi\" width=\"800\" height=\"545\" title=\"\"><\/a><\/p>\n<p>Con la mirada puesta en un nuevo t\u00edtulo y en la posibilidad de futuras oportunidades a nivel mundial, Papeschi no solo est\u00e1 buscando una victoria, sino tambi\u00e9n la afirmaci\u00f3n de su lugar en el boxeo internacional. La pelea del 23 de agosto no es solo un enfrentamiento por un cintur\u00f3n, sino una declaraci\u00f3n de intenciones y una demostraci\u00f3n del compromiso y la pasi\u00f3n que <strong>\u201cLa Promesa\u201d<\/strong> ha puesto en su carrera.<\/p>\n<p>El ambiente promete estar cargado de emoci\u00f3n y expectativa, con aficionados y expertos del boxeo observando atentamente este enfrentamiento que podr\u00eda definir el rumbo futuro de Sebasti\u00e1n Papeschi y solidificar su estatus como uno de los grandes de la categor\u00eda mediana. Mientras tanto, el boxeo argentino se prepara para una noche que podr\u00eda marcar un hito en la historia del deporte en el pa\u00eds.<\/p>\n","protected":false},"excerpt":{"rendered":"<p>Sebasti\u00e1n \u201cLa Promesa\u201d Papeschi, el talentoso pugilista argentino, se prepara para una pelea crucial en su carrera, donde disputar\u00e1 el Cintur\u00f3n Fedelat\u00edn de la AMB en la categor\u00eda de medianos.<\/p>\n","protected":false},"author":4,"featured_media":14479,"comment_status":"closed","ping_status":"open","sticky":false,"template":"","format":"standard","meta":{"tdm_status":"","tdm_grid_status":"","footnotes":""},"categories":[113,2],"tags":[],"class_list":{"0":"post-14478","1":"post","2":"type-post","3":"status-publish","4":"format-standard","5":"has-post-thumbnail","7":"category-boxeo","8":"category-featured"},"_links":{"self":[{"href":"https:\/\/diariodelujan.com\/xdeporte\/wp-json\/wp\/v2\/posts\/14478","targetHints":{"allow":["GET"]}}],"collection":[{"href":"https:\/\/diariodelujan.com\/xdeporte\/wp-json\/wp\/v2\/posts"}],"about":[{"href":"https:\/\/diariodelujan.com\/xdeporte\/wp-json\/wp\/v2\/types\/post"}],"author":[{"embeddable":true,"href":"https:\/\/diariodelujan.com\/xdeporte\/wp-json\/wp\/v2\/users\/4"}],"replies":[{"embeddable":true,"href":"https:\/\/diariodelujan.com\/xdeporte\/wp-json\/wp\/v2\/comments?post=14478"}],"version-history":[{"count":3,"href":"https:\/\/diariodelujan.com\/xdeporte\/wp-json\/wp\/v2\/posts\/14478\/revisions"}],"predecessor-version":[{"id":14482,"href":"https:\/\/diariodelujan.com\/xdeporte\/wp-json\/wp\/v2\/posts\/14478\/revisions\/14482"}],"wp:featuredmedia":[{"embeddable":true,"href":"https:\/\/diariodelujan.com\/xdeporte\/wp-json\/wp\/v2\/media\/14479"}],"wp:attachment":[{"href":"https:\/\/diariodelujan.com\/xdeporte\/wp-json\/wp\/v2\/media?parent=14478"}],"wp:term":[{"taxonomy":"category","embeddable":true,"href":"https:\/\/diariodelujan.com\/xdeporte\/wp-json\/wp\/v2\/categories?post=14478"},{"taxonomy":"post_tag","embeddable":true,"href":"https:\/\/diariodelujan.com\/xdeporte\/wp-json\/wp\/v2\/tags?post=14478"}],"curies":[{"name":"wp","href":"https:\/\/api.w.org\/{rel}","templated":true}]}}