{"id":14503,"date":"2024-08-23T22:42:14","date_gmt":"2024-08-24T01:42:14","guid":{"rendered":"https:\/\/diariodelujan.com\/xdeporte\/?p=14503"},"modified":"2024-09-03T23:07:15","modified_gmt":"2024-09-04T02:07:15","slug":"el-lujanero-recibe-a-lama","status":"publish","type":"post","link":"https:\/\/diariodelujan.com\/xdeporte\/el-lujanero-recibe-a-lama\/","title":{"rendered":"El Lujanero recibe a Lama con el objetivo de seguir escalando"},"content":{"rendered":"<p><span style=\"font-family: georgia, palatino, serif; font-size: 14pt;\"><em>Este s\u00e1bado, el Lujanero recibe a Lama con el objetivo de quedarse con los tres puntos y pelear por el puesto en lo m\u00e1s alto de la tabla de posiciones.<\/em><\/span><\/p>\n<p><!--more--><\/p>\n<p>En la fecha pasada, <a href=\"https:\/\/diariodelujan.com\/xdeporte\/lujan-le-gano-al-verde\/\" target=\"_blank\" rel=\"noopener\">Luj\u00e1n derrot\u00f3 a Ituzaing\u00f3<\/a> con un gol de Chimino de penal. En esta ocasi\u00f3n, <a href=\"https:\/\/www.facebook.com\/www.clublujan.com.ar\" target=\"_blank\" rel=\"noopener\"><em>el Lujanero<\/em><\/a> recibe a <em>Lama<\/em> en el estadio 1\u00b0 de Abril, este s\u00e1bado a las 15 hs.<\/p>\n<h4><strong>El Lujanero recibe a Lama con la chance de quedar entre los primeros<\/strong><\/h4>\n<p>Tras el empate en cero ante <em>El Porve<\/em> y el triunfo ante <em>El Verde<\/em> por 1 a 0, Luj\u00e1n qued\u00f3 s\u00e9ptimo en la tabla con 13 puntos, compartiendo la posici\u00f3n con el mismo Ituzaing\u00f3. En esta nueva fecha de Clausura, recibe al <em>Carcelero\u00a0<\/em>con el objetivo en mente de sumar tres puntos y quedar como uno de los candidatos a obtener el t\u00edtulo.<\/p>\n<p>Del otro lado se encuentra General Lamadrid, campe\u00f3n del \u00faltimo Apertura, quien tropez\u00f3 en la fecha pasada con Sportivo Barracas y dej\u00f3 escapar tres puntos claves para no quedar lejos de la pelea. A <em>Lama<\/em> le est\u00e1 costando como visitante, pues en lo que va del torneo no ha ganado un solo encuentro fuera de casa, con dos derrotas y dos empates.<\/p>\n","protected":false},"excerpt":{"rendered":"<p>Este s\u00e1bado, el Lujanero recibe a Lama con el objetivo de quedarse con los tres puntos y pelear por el puesto en lo m\u00e1s alto de la tabla de posiciones.<\/p>\n","protected":false},"author":3,"featured_media":14504,"comment_status":"closed","ping_status":"open","sticky":false,"template":"","format":"standard","meta":{"tdm_status":"","tdm_grid_status":"","footnotes":""},"categories":[2,8],"tags":[173,211,117,184,130],"class_list":{"0":"post-14503","1":"post","2":"type-post","3":"status-publish","4":"format-standard","5":"has-post-thumbnail","7":"category-featured","8":"category-futbol","9":"tag-futbol","10":"tag-lamadrid","11":"tag-lujan","12":"tag-lujanero","13":"tag-primera-c"},"_links":{"self":[{"href":"https:\/\/diariodelujan.com\/xdeporte\/wp-json\/wp\/v2\/posts\/14503","targetHints":{"allow":["GET"]}}],"collection":[{"href":"https:\/\/diariodelujan.com\/xdeporte\/wp-json\/wp\/v2\/posts"}],"about":[{"href":"https:\/\/diariodelujan.com\/xdeporte\/wp-json\/wp\/v2\/types\/post"}],"author":[{"embeddable":true,"href":"https:\/\/diariodelujan.com\/xdeporte\/wp-json\/wp\/v2\/users\/3"}],"replies":[{"embeddable":true,"href":"https:\/\/diariodelujan.com\/xdeporte\/wp-json\/wp\/v2\/comments?post=14503"}],"version-history":[{"count":2,"href":"https:\/\/diariodelujan.com\/xdeporte\/wp-json\/wp\/v2\/posts\/14503\/revisions"}],"predecessor-version":[{"id":14506,"href":"https:\/\/diariodelujan.com\/xdeporte\/wp-json\/wp\/v2\/posts\/14503\/revisions\/14506"}],"wp:featuredmedia":[{"embeddable":true,"href":"https:\/\/diariodelujan.com\/xdeporte\/wp-json\/wp\/v2\/media\/14504"}],"wp:attachment":[{"href":"https:\/\/diariodelujan.com\/xdeporte\/wp-json\/wp\/v2\/media?parent=14503"}],"wp:term":[{"taxonomy":"category","embeddable":true,"href":"https:\/\/diariodelujan.com\/xdeporte\/wp-json\/wp\/v2\/categories?post=14503"},{"taxonomy":"post_tag","embeddable":true,"href":"https:\/\/diariodelujan.com\/xdeporte\/wp-json\/wp\/v2\/tags?post=14503"}],"curies":[{"name":"wp","href":"https:\/\/api.w.org\/{rel}","templated":true}]}}