{"id":14522,"date":"2024-08-24T21:10:44","date_gmt":"2024-08-25T00:10:44","guid":{"rendered":"https:\/\/diariodelujan.com\/xdeporte\/?p=14522"},"modified":"2024-09-03T23:07:12","modified_gmt":"2024-09-04T02:07:12","slug":"dura-derrota-de-lujan","status":"publish","type":"post","link":"https:\/\/diariodelujan.com\/xdeporte\/dura-derrota-de-lujan\/","title":{"rendered":"Dura derrota de Luj\u00e1n ante Lamadrid"},"content":{"rendered":"<p><span style=\"font-family: georgia, palatino, serif; font-size: 14pt;\"><em>El elenco de nuestra ciudad sufri\u00f3 este s\u00e1bado una dura derrota ante el Carcelero por 3 a 1. El Lujanero volvi\u00f3 a dejar escapar tres puntos valiosos y sigue sin poder ganar de local en lo que va del torneo.<\/em><\/span><\/p>\n<p><!--more--><\/p>\n<p>En un partido caliente, <a href=\"https:\/\/www.facebook.com\/www.clublujan.com.ar\" target=\"_blank\" rel=\"noopener\">Luj\u00e1n<\/a> no pudo repetir <a href=\"https:\/\/diariodelujan.com\/xdeporte\/lujan-le-gano-al-verde\/\" target=\"_blank\" rel=\"noopener\">lo conseguido ante Ituzaing\u00f3<\/a> y sufri\u00f3 una dura derrota ante Lama, de local, por 3 a 1 en el encuentro correspondiente a la fecha 9 del Clausura.<\/p>\n<h4><strong>Partido caliente con expulsados en la dura derrota del Lujanero<\/strong><\/h4>\n<p>El primer tiempo fue muy parejo. <em>El Lujanero<\/em> asust\u00f3 con un remate de Chimino que se fue desviado y un cabezazo de Ciancio que pas\u00f3 por arriba del travesa\u00f1o. Por su lado, Lamadrid tambi\u00e9n tuvo sus chances, pero el marcador qued\u00f3 intacto por el resto de la primera mitad.<\/p>\n<p>En el segundo tiempo, Luj\u00e1n no pudo encontrar los espacios ante un Lamadrid que estaba dominando el partido. En su mejor momento, <em>el Carcelero<\/em> recibi\u00f3 un penal a favor por una dudosa infracci\u00f3n en el \u00e1rea del <em>Lujanero<\/em>. Sin embargo, Santiago Apa fall\u00f3 el remate y el local se salv\u00f3.<\/p>\n<p>A pesar de haber zafado de quedar en desventaja por el penal, el primero de la visita lleg\u00f3 desde un tiro libre. Ejecutado por Emir Ham, el tiro de esquina entr\u00f3 directo al arco tras la pifia de Gallardo. 1-0 para <em>Lama.<\/em><\/p>\n<p>Luego de la expulsi\u00f3n de Ruano en Lamadrid, los dirigidos por Garate lograron igualar el marcador con un gol de penal convertido por Chimino.<\/p>\n<p>En tiempo de descuento, Lamadrid volvi\u00f3 a ponerse en ventaja con un cabezazo de L\u00f3pez que volvi\u00f3 a superar al arquero de Luj\u00e1n. Tras esto, el 1 de los <em>Lujaneros<\/em> se fue expulsado por las discusiones y agresiones que hubo debido al gol de la visita.<\/p>\n<p>Cuando el partido se reanud\u00f3, Ciancio tuvo que ponerse los guantes y en la \u00faltima jugada Mart\u00ednez convirti\u00f3 el tercero que sell\u00f3 el resultado final.<\/p>\n<p>El conjunto de la Bas\u00edlica volvi\u00f3 a dejar pasar una gran oportunidad para escalar posiciones en la tabla y sigue sin sumar de a tres en casa. La pr\u00f3xima fecha visitar\u00e1 a Mu\u00f1iz, en San Miguel.<\/p>\n","protected":false},"excerpt":{"rendered":"<p>El elenco de nuestra ciudad sufri\u00f3 este s\u00e1bado una dura derrota ante el Carcelero por 3 a 1. El Lujanero volvi\u00f3 a dejar escapar tres puntos valiosos y sigue sin poder ganar de local en lo que va del torneo.<\/p>\n","protected":false},"author":3,"featured_media":14523,"comment_status":"closed","ping_status":"open","sticky":false,"template":"","format":"standard","meta":{"tdm_status":"","tdm_grid_status":"","footnotes":""},"categories":[2,8],"tags":[173,211,117,184,130],"class_list":{"0":"post-14522","1":"post","2":"type-post","3":"status-publish","4":"format-standard","5":"has-post-thumbnail","7":"category-featured","8":"category-futbol","9":"tag-futbol","10":"tag-lamadrid","11":"tag-lujan","12":"tag-lujanero","13":"tag-primera-c"},"_links":{"self":[{"href":"https:\/\/diariodelujan.com\/xdeporte\/wp-json\/wp\/v2\/posts\/14522","targetHints":{"allow":["GET"]}}],"collection":[{"href":"https:\/\/diariodelujan.com\/xdeporte\/wp-json\/wp\/v2\/posts"}],"about":[{"href":"https:\/\/diariodelujan.com\/xdeporte\/wp-json\/wp\/v2\/types\/post"}],"author":[{"embeddable":true,"href":"https:\/\/diariodelujan.com\/xdeporte\/wp-json\/wp\/v2\/users\/3"}],"replies":[{"embeddable":true,"href":"https:\/\/diariodelujan.com\/xdeporte\/wp-json\/wp\/v2\/comments?post=14522"}],"version-history":[{"count":1,"href":"https:\/\/diariodelujan.com\/xdeporte\/wp-json\/wp\/v2\/posts\/14522\/revisions"}],"predecessor-version":[{"id":14524,"href":"https:\/\/diariodelujan.com\/xdeporte\/wp-json\/wp\/v2\/posts\/14522\/revisions\/14524"}],"wp:featuredmedia":[{"embeddable":true,"href":"https:\/\/diariodelujan.com\/xdeporte\/wp-json\/wp\/v2\/media\/14523"}],"wp:attachment":[{"href":"https:\/\/diariodelujan.com\/xdeporte\/wp-json\/wp\/v2\/media?parent=14522"}],"wp:term":[{"taxonomy":"category","embeddable":true,"href":"https:\/\/diariodelujan.com\/xdeporte\/wp-json\/wp\/v2\/categories?post=14522"},{"taxonomy":"post_tag","embeddable":true,"href":"https:\/\/diariodelujan.com\/xdeporte\/wp-json\/wp\/v2\/tags?post=14522"}],"curies":[{"name":"wp","href":"https:\/\/api.w.org\/{rel}","templated":true}]}}