{"id":14528,"date":"2024-08-25T19:11:58","date_gmt":"2024-08-25T22:11:58","guid":{"rendered":"https:\/\/diariodelujan.com\/xdeporte\/?p=14528"},"modified":"2024-09-03T23:07:10","modified_gmt":"2024-09-04T02:07:10","slug":"flandria-y-los-andes-empataron","status":"publish","type":"post","link":"https:\/\/diariodelujan.com\/xdeporte\/flandria-y-los-andes-empataron\/","title":{"rendered":"Flandria y Los Andes se repartieron los puntos"},"content":{"rendered":"<p><span style=\"font-family: georgia, palatino, serif; font-size: 14pt;\"><em>Este domingo, Flandria y Los Andes igualaron sin goles, en el partido correspondiente a la fecha 11 del Clausura de la Primera B Metropolitana.<\/em><\/span><\/p>\n<p><!--more--><\/p>\n<p>En el marco de la fecha 11, <a href=\"https:\/\/www.facebook.com\/ClubsydFlandria\" target=\"_blank\" rel=\"noopener\">Flandria<\/a> y Los Andes empataron 0-0 en el estadio Carlos V. El conjunto de J\u00e1uregui ya ven\u00eda de <a href=\"https:\/\/diariodelujan.com\/xdeporte\/flandria-y-canuelas-empataron\/\" target=\"_blank\" rel=\"noopener\">empatar con Ca\u00f1uelas<\/a> en la fecha pasada, por lo que sumar solo 1 punto como local no le permiti\u00f3 quedar un paso m\u00e1s cerca de la zona del reducido y aprovechar el empate de Excursionistas, quien se encuentra por encima en la tabla general.<\/p>\n<h4><strong>Flandria y Los Andes no se sacaron diferencias<\/strong><\/h4>\n<p>El primer tiempo fue parejo, con ambos equipos peleando por la posesi\u00f3n de la pelota en el mediocampo y con pocas llegadas a los arcos.<\/p>\n<p>La m\u00e1s clara a destacar de la primera parte fue un tiro de esquina para el conjunto visitante que, tras un par de toques y desv\u00edos en el \u00e1rea qued\u00f3 para el cabezazo y gol de Guido Segalerba. Sin embargo, el jugador estaba en posici\u00f3n prohibida y el \u00e1rbitro, tras unos segundos, invalid\u00f3 la jugada.<\/p>\n<p>En el segundo tiempo, <em>el Canario\u00a0<\/em>tom\u00f3 m\u00e1s protagonismo, llegando en mayor cantidad de ocasiones al arco rival. No obstante, la falta de definici\u00f3n en los metros finales le neg\u00f3 la posibilidad de ponerse arriba en el marcador y quedarse con el triunfo.<\/p>\n<p>El pr\u00f3ximo s\u00e1bado, Flandria visitar\u00e1 a Midland, en lo que ser\u00e1 la fecha 12 del Clausura.<\/p>\n","protected":false},"excerpt":{"rendered":"<p>Este domingo, Flandria y Los Andes igualaron sin goles, en el partido correspondiente a la fecha 11 del Clausura de la Primera B Metropolitana.<\/p>\n","protected":false},"author":3,"featured_media":14530,"comment_status":"closed","ping_status":"open","sticky":false,"template":"","format":"standard","meta":{"tdm_status":"","tdm_grid_status":"","footnotes":""},"categories":[2,8],"tags":[171,172,173,214,198],"class_list":{"0":"post-14528","1":"post","2":"type-post","3":"status-publish","4":"format-standard","5":"has-post-thumbnail","7":"category-featured","8":"category-futbol","9":"tag-canario","10":"tag-flandria","11":"tag-futbol","12":"tag-los-andes","13":"tag-primera-b"},"_links":{"self":[{"href":"https:\/\/diariodelujan.com\/xdeporte\/wp-json\/wp\/v2\/posts\/14528","targetHints":{"allow":["GET"]}}],"collection":[{"href":"https:\/\/diariodelujan.com\/xdeporte\/wp-json\/wp\/v2\/posts"}],"about":[{"href":"https:\/\/diariodelujan.com\/xdeporte\/wp-json\/wp\/v2\/types\/post"}],"author":[{"embeddable":true,"href":"https:\/\/diariodelujan.com\/xdeporte\/wp-json\/wp\/v2\/users\/3"}],"replies":[{"embeddable":true,"href":"https:\/\/diariodelujan.com\/xdeporte\/wp-json\/wp\/v2\/comments?post=14528"}],"version-history":[{"count":1,"href":"https:\/\/diariodelujan.com\/xdeporte\/wp-json\/wp\/v2\/posts\/14528\/revisions"}],"predecessor-version":[{"id":14529,"href":"https:\/\/diariodelujan.com\/xdeporte\/wp-json\/wp\/v2\/posts\/14528\/revisions\/14529"}],"wp:featuredmedia":[{"embeddable":true,"href":"https:\/\/diariodelujan.com\/xdeporte\/wp-json\/wp\/v2\/media\/14530"}],"wp:attachment":[{"href":"https:\/\/diariodelujan.com\/xdeporte\/wp-json\/wp\/v2\/media?parent=14528"}],"wp:term":[{"taxonomy":"category","embeddable":true,"href":"https:\/\/diariodelujan.com\/xdeporte\/wp-json\/wp\/v2\/categories?post=14528"},{"taxonomy":"post_tag","embeddable":true,"href":"https:\/\/diariodelujan.com\/xdeporte\/wp-json\/wp\/v2\/tags?post=14528"}],"curies":[{"name":"wp","href":"https:\/\/api.w.org\/{rel}","templated":true}]}}