{"id":14538,"date":"2024-08-28T11:20:44","date_gmt":"2024-08-28T14:20:44","guid":{"rendered":"https:\/\/diariodelujan.com\/xdeporte\/?p=14538"},"modified":"2024-09-03T23:07:08","modified_gmt":"2024-09-04T02:07:08","slug":"sergio-la-vega-gano-el-tc-1-24","status":"publish","type":"post","link":"https:\/\/diariodelujan.com\/xdeporte\/sergio-la-vega-gano-el-tc-1-24\/","title":{"rendered":"Sergio La Vega se impuso en el TC 1\/24"},"content":{"rendered":"<p><span style=\"font-family: georgia, palatino, serif; font-size: 14pt;\"><em>Nuevamente la pista de A.C.A.L fue escenario de una vibrante competencia de la m\u00e1xima, el TC 1\/24 con un triunfo de Sergio La Vega.<\/em><\/span><!--more--><\/p>\n<p>Con un muy buen parque y con m\u00e1quinas de excelente est\u00e9tica se llev\u00f3 a cabo una nueva fecha de la categor\u00eda sobre la pista de Venerando Rodr\u00edguez 113.<\/p>\n<p><a href=\"https:\/\/www.diariodelujan.com\/wp-content\/uploads\/2024\/08\/Sergio-La-Vega-TC-2.webp\"><img loading=\"lazy\" decoding=\"async\" class=\"alignnone size-full wp-image-15418\" src=\"https:\/\/www.diariodelujan.com\/wp-content\/uploads\/2024\/08\/Sergio-La-Vega-TC-2.webp\" alt=\"Sergio La Vega TC\" width=\"900\" height=\"349\" title=\"\"><\/a><\/p>\n<p>En la clasificaci\u00f3n previa rompi\u00f3 los cronos El rodriguense Maxi Naranjo con una mejor vuelta de 04.158, 2do Lautaro Etchetto que, sin despeinarse, logr\u00f3 04.194 superando el 3ro Adri\u00e1n Simonetti quien vol\u00f3 para un 04.230 en una vuelta inspirada.<br \/>\nTras ajustada clasificaci\u00f3n se acomodaron los autos de las diferentes grillas y los pilotos echaron a volar sus intenciones de seguir sumando puntos para el actual torneo.<br \/>\nLos guarismos finales indican que fue 1ero Sergio La Vega que, en buena performance, sum\u00f3 160.06 vtas. El 2do puesto fue para el siempre presente en los podios Maxi Naranjo (158.59) mientras fue 3ro Adri\u00e1n Simonetti (156.71) conformando un podio de lujo bastante repetido en la categor\u00eda. Felicitaciones.<\/p>\n<p>Fue 4to Lautaro Etchetto con 156.60 giros en una remontada que confirma sus ya conocidas dotes de buen piloto, 5to fue Pasty Melconian (147.61) que adem\u00e1s colabor\u00f3 con esta publicaci\u00f3n como fot\u00f3grafo .<br \/>\nEl 6to lugar fue para el siempre eficiente ex campe\u00f3n de la categor\u00eda Javier Casanova con 141,38 vtas. , 7mo arrib\u00f3 Javier Braiotta (140,34) , 8vo. cerr\u00f3 su actuaci\u00f3n Daniel Amantini el de Gral Rodriguez redonde\u00f3 los 137.21 giros, en tanto en el 9no puesto Juan Delgado consigui\u00f3 136.06.<\/p>\n<p><a href=\"https:\/\/www.diariodelujan.com\/wp-content\/uploads\/2024\/08\/Sergio-La-Vega-TC-3.webp\"><img loading=\"lazy\" decoding=\"async\" class=\"alignnone size-full wp-image-15419\" src=\"https:\/\/www.diariodelujan.com\/wp-content\/uploads\/2024\/08\/Sergio-La-Vega-TC-3.webp\" alt=\"Sergio La Vega TC\" width=\"900\" height=\"396\" title=\"\"><\/a><\/p>\n<p>Con menos vueltas y problemas mec\u00e1nicos arribaron 10mo. Julio Bevilaqua, el buen piloto de Moreno (115.23), 11mo. Fernando Guagliardi que, sin completar la carrera, sum\u00f3 91 vtas en tanto el joven pero experimentado Tomas Ninkov (45) completando dos v\u00edas con inconvenientes para un 12do lugar.<\/p>\n<p>Una hermosa velada del mejor automodelismo slot lujanense , con ajustados resultados, le ponen a la categoria, un inter\u00e9s permanente.<\/p>\n<p><a href=\"https:\/\/www.diariodelujan.com\/wp-content\/uploads\/2024\/08\/Sergio-La-Vega-TC-1.webp\"><img loading=\"lazy\" decoding=\"async\" class=\"alignnone size-full wp-image-15417\" src=\"https:\/\/www.diariodelujan.com\/wp-content\/uploads\/2024\/08\/Sergio-La-Vega-TC-1.webp\" alt=\"Sergio La Vega TC\" width=\"900\" height=\"506\" title=\"\"><\/a><\/p>\n<p>Hoy mi\u00e9rcoles 28 de agosto por la noche gran carrera de las Pick Up en ACAL.<\/p>\n<p>Nota Ricardo Vega<br \/>\nServicio de prensa<br \/>\nContacto 67036196<\/p>\n","protected":false},"excerpt":{"rendered":"<p>Nuevamente la pista de A.C.A.L fue escenario de una vibrante competencia de la m\u00e1xima, el TC 1\/24 con un triunfo de Sergio La Vega.<\/p>\n","protected":false},"author":4,"featured_media":14539,"comment_status":"closed","ping_status":"open","sticky":false,"template":"","format":"standard","meta":{"tdm_status":"","tdm_grid_status":"","footnotes":""},"categories":[20,2],"tags":[],"class_list":{"0":"post-14538","1":"post","2":"type-post","3":"status-publish","4":"format-standard","5":"has-post-thumbnail","7":"category-automodelismo","8":"category-featured"},"_links":{"self":[{"href":"https:\/\/diariodelujan.com\/xdeporte\/wp-json\/wp\/v2\/posts\/14538","targetHints":{"allow":["GET"]}}],"collection":[{"href":"https:\/\/diariodelujan.com\/xdeporte\/wp-json\/wp\/v2\/posts"}],"about":[{"href":"https:\/\/diariodelujan.com\/xdeporte\/wp-json\/wp\/v2\/types\/post"}],"author":[{"embeddable":true,"href":"https:\/\/diariodelujan.com\/xdeporte\/wp-json\/wp\/v2\/users\/4"}],"replies":[{"embeddable":true,"href":"https:\/\/diariodelujan.com\/xdeporte\/wp-json\/wp\/v2\/comments?post=14538"}],"version-history":[{"count":1,"href":"https:\/\/diariodelujan.com\/xdeporte\/wp-json\/wp\/v2\/posts\/14538\/revisions"}],"predecessor-version":[{"id":14540,"href":"https:\/\/diariodelujan.com\/xdeporte\/wp-json\/wp\/v2\/posts\/14538\/revisions\/14540"}],"wp:featuredmedia":[{"embeddable":true,"href":"https:\/\/diariodelujan.com\/xdeporte\/wp-json\/wp\/v2\/media\/14539"}],"wp:attachment":[{"href":"https:\/\/diariodelujan.com\/xdeporte\/wp-json\/wp\/v2\/media?parent=14538"}],"wp:term":[{"taxonomy":"category","embeddable":true,"href":"https:\/\/diariodelujan.com\/xdeporte\/wp-json\/wp\/v2\/categories?post=14538"},{"taxonomy":"post_tag","embeddable":true,"href":"https:\/\/diariodelujan.com\/xdeporte\/wp-json\/wp\/v2\/tags?post=14538"}],"curies":[{"name":"wp","href":"https:\/\/api.w.org\/{rel}","templated":true}]}}