{"id":14572,"date":"2024-09-02T22:23:25","date_gmt":"2024-09-03T01:23:25","guid":{"rendered":"https:\/\/diariodelujan.com\/xdeporte\/?p=14572"},"modified":"2024-09-03T23:07:01","modified_gmt":"2024-09-04T02:07:01","slug":"muniz-vs-lujan-el-miercoles","status":"publish","type":"post","link":"https:\/\/diariodelujan.com\/xdeporte\/muniz-vs-lujan-el-miercoles\/","title":{"rendered":"Mu\u00f1iz vs Luj\u00e1n fue reprogramado para el mi\u00e9rcoles"},"content":{"rendered":"<p><span style=\"font-family: georgia, palatino, serif; font-size: 14pt;\"><em>Finalmente, el encuentro Mu\u00f1iz vs Luj\u00e1n, que estaba programado para este lunes, fue postergado hasta el mi\u00e9rcoles debido a las intensas lluvias del pasado fin de semana.<\/em><\/span><\/p>\n<p><!--more--><\/p>\n<p>El partido Mu\u00f1iz vs <a href=\"https:\/\/www.facebook.com\/www.clublujan.com.ar\" target=\"_blank\" rel=\"noopener\">Luj\u00e1n<\/a> que inicialmente se iba a jugar este lunes a las 15 horas, fue reprogramado para el mi\u00e9rcoles a la misma hora, debido a las lluvias sufridas durante el fin de semana.<\/p>\n<h4><strong>Mu\u00f1iz vs Luj\u00e1n: el mi\u00e9rcoles a las 15<\/strong><\/h4>\n<p><em>El Lujanero<\/em>, que <a href=\"https:\/\/diariodelujan.com\/xdeporte\/dura-derrota-de-lujan\/\" target=\"_blank\" rel=\"noopener\">viene de caer ante Lamadrid por 3 a 1<\/a>, buscar\u00e1 recuperarse ante Mu\u00f1iz, que derrot\u00f3 por la m\u00ednima diferencia a Sportivo Barracas y se posicion\u00f3 segundo con 19 puntos.<\/p>\n<p>El \u00faltimo cruce entre estos equipos, disputado el 31 de marzo del corriente a\u00f1o, culmin\u00f3 con la victoria del equipo de la Bas\u00edlica por 2 a 0.<\/p>\n","protected":false},"excerpt":{"rendered":"<p>Finalmente, el encuentro Mu\u00f1iz vs Luj\u00e1n, que estaba programado para este lunes, fue postergado hasta el mi\u00e9rcoles debido a las intensas lluvias del pasado fin de semana.<\/p>\n","protected":false},"author":3,"featured_media":7942,"comment_status":"closed","ping_status":"open","sticky":false,"template":"","format":"standard","meta":{"tdm_status":"","tdm_grid_status":"","footnotes":""},"categories":[8,2],"tags":[173,117,212,130],"class_list":{"0":"post-14572","1":"post","2":"type-post","3":"status-publish","4":"format-standard","5":"has-post-thumbnail","7":"category-futbol","8":"category-featured","9":"tag-futbol","10":"tag-lujan","11":"tag-muniz","12":"tag-primera-c"},"_links":{"self":[{"href":"https:\/\/diariodelujan.com\/xdeporte\/wp-json\/wp\/v2\/posts\/14572","targetHints":{"allow":["GET"]}}],"collection":[{"href":"https:\/\/diariodelujan.com\/xdeporte\/wp-json\/wp\/v2\/posts"}],"about":[{"href":"https:\/\/diariodelujan.com\/xdeporte\/wp-json\/wp\/v2\/types\/post"}],"author":[{"embeddable":true,"href":"https:\/\/diariodelujan.com\/xdeporte\/wp-json\/wp\/v2\/users\/3"}],"replies":[{"embeddable":true,"href":"https:\/\/diariodelujan.com\/xdeporte\/wp-json\/wp\/v2\/comments?post=14572"}],"version-history":[{"count":2,"href":"https:\/\/diariodelujan.com\/xdeporte\/wp-json\/wp\/v2\/posts\/14572\/revisions"}],"predecessor-version":[{"id":14574,"href":"https:\/\/diariodelujan.com\/xdeporte\/wp-json\/wp\/v2\/posts\/14572\/revisions\/14574"}],"wp:featuredmedia":[{"embeddable":true,"href":"https:\/\/diariodelujan.com\/xdeporte\/wp-json\/wp\/v2\/media\/7942"}],"wp:attachment":[{"href":"https:\/\/diariodelujan.com\/xdeporte\/wp-json\/wp\/v2\/media?parent=14572"}],"wp:term":[{"taxonomy":"category","embeddable":true,"href":"https:\/\/diariodelujan.com\/xdeporte\/wp-json\/wp\/v2\/categories?post=14572"},{"taxonomy":"post_tag","embeddable":true,"href":"https:\/\/diariodelujan.com\/xdeporte\/wp-json\/wp\/v2\/tags?post=14572"}],"curies":[{"name":"wp","href":"https:\/\/api.w.org\/{rel}","templated":true}]}}