{"id":14575,"date":"2024-09-02T23:08:24","date_gmt":"2024-09-03T02:08:24","guid":{"rendered":"https:\/\/diariodelujan.com\/xdeporte\/?p=14575"},"modified":"2024-09-03T23:07:00","modified_gmt":"2024-09-04T02:07:00","slug":"el-canario-volvio-al-triunfo","status":"publish","type":"post","link":"https:\/\/diariodelujan.com\/xdeporte\/el-canario-volvio-al-triunfo\/","title":{"rendered":"El Canario volvi\u00f3 al triunfo ante el Funebrero"},"content":{"rendered":"<p><span style=\"font-family: georgia, palatino, serif; font-size: 14pt;\"><em>En el estadio Ciudad de Libertad, el Canario derrot\u00f3 a Midland por 1 a 0 y volvi\u00f3 a sumar de a tres luego de dos jornadas de empates sin goles.<\/em><\/span><\/p>\n<p><!--more--><\/p>\n<p>Fue victoria por 1 a 0 para <a href=\"https:\/\/www.facebook.com\/ClubsydFlandria\" target=\"_blank\" rel=\"noopener\"><em>el Canario<\/em><\/a> en el c\u00e9sped sint\u00e9tico de Midland. Tras el <a href=\"https:\/\/diariodelujan.com\/xdeporte\/flandria-y-los-andes-empataron\/\" target=\"_blank\" rel=\"noopener\">empate en cero ante el campe\u00f3n del Apertura<\/a>, Flandria super\u00f3 al Funebrero en su casa y se qued\u00f3 con tres puntos clave.<\/p>\n<p>En la primera mitad, el local fue m\u00e1s asertivo y quien gener\u00f3 m\u00e1s peligro en el arco rival. Federico D\u00edaz fue clave para mantener la valla canaria en cero ante las llegadas del <em>Funebrero.<\/em><\/p>\n<h4><strong>El Canario convirti\u00f3 temprano en la segunda mitad<\/strong><\/h4>\n<p>A minutos de iniciar el segundo tiempo, el conjunto de J\u00e1uregui ya se encontraba en ventaja. Cuando Midland jug\u00f3 hacia atr\u00e1s con su arquero, Flandria no se durmi\u00f3 y fue a presionar. Al recuperar la pelota, Cuenca mand\u00f3 un centro al segundo palo, donde se encontraba Z\u00e1rate para empujarla y marcar el \u00fanico tanto de la noche.<\/p>\n<p>Midland sali\u00f3 a buscar el empate, dejando espacios que <em>el Canario\u00a0<\/em> aprovech\u00f3 en las contras, pero por falta de precisi\u00f3n no pudo liquidar el encuentro y hubo incertidumbre hasta el pitazo final.<\/p>\n<p>En la pr\u00f3xima fecha, Flandria recibir\u00e1 a F\u00e9nix, en el Carlos V, con la posibilidad de meterse en la zona de reducido.<\/p>\n","protected":false},"excerpt":{"rendered":"<p>En el estadio Ciudad de Libertad, el Canario derrot\u00f3 a Midland por 1 a 0 y volvi\u00f3 a sumar de a tres luego de dos jornadas de empates sin goles.<\/p>\n","protected":false},"author":3,"featured_media":14128,"comment_status":"closed","ping_status":"open","sticky":false,"template":"","format":"standard","meta":{"tdm_status":"","tdm_grid_status":"","footnotes":""},"categories":[8,2],"tags":[171,172,173,218,198],"class_list":{"0":"post-14575","1":"post","2":"type-post","3":"status-publish","4":"format-standard","5":"has-post-thumbnail","7":"category-futbol","8":"category-featured","9":"tag-canario","10":"tag-flandria","11":"tag-futbol","12":"tag-midland","13":"tag-primera-b"},"_links":{"self":[{"href":"https:\/\/diariodelujan.com\/xdeporte\/wp-json\/wp\/v2\/posts\/14575","targetHints":{"allow":["GET"]}}],"collection":[{"href":"https:\/\/diariodelujan.com\/xdeporte\/wp-json\/wp\/v2\/posts"}],"about":[{"href":"https:\/\/diariodelujan.com\/xdeporte\/wp-json\/wp\/v2\/types\/post"}],"author":[{"embeddable":true,"href":"https:\/\/diariodelujan.com\/xdeporte\/wp-json\/wp\/v2\/users\/3"}],"replies":[{"embeddable":true,"href":"https:\/\/diariodelujan.com\/xdeporte\/wp-json\/wp\/v2\/comments?post=14575"}],"version-history":[{"count":2,"href":"https:\/\/diariodelujan.com\/xdeporte\/wp-json\/wp\/v2\/posts\/14575\/revisions"}],"predecessor-version":[{"id":14577,"href":"https:\/\/diariodelujan.com\/xdeporte\/wp-json\/wp\/v2\/posts\/14575\/revisions\/14577"}],"wp:featuredmedia":[{"embeddable":true,"href":"https:\/\/diariodelujan.com\/xdeporte\/wp-json\/wp\/v2\/media\/14128"}],"wp:attachment":[{"href":"https:\/\/diariodelujan.com\/xdeporte\/wp-json\/wp\/v2\/media?parent=14575"}],"wp:term":[{"taxonomy":"category","embeddable":true,"href":"https:\/\/diariodelujan.com\/xdeporte\/wp-json\/wp\/v2\/categories?post=14575"},{"taxonomy":"post_tag","embeddable":true,"href":"https:\/\/diariodelujan.com\/xdeporte\/wp-json\/wp\/v2\/tags?post=14575"}],"curies":[{"name":"wp","href":"https:\/\/api.w.org\/{rel}","templated":true}]}}