{"id":14578,"date":"2024-09-03T22:57:52","date_gmt":"2024-09-04T01:57:52","guid":{"rendered":"https:\/\/diariodelujan.com\/xdeporte\/?p=14578"},"modified":"2024-10-18T17:44:21","modified_gmt":"2024-10-18T20:44:21","slug":"automodelismo-slot-lujan","status":"publish","type":"post","link":"https:\/\/diariodelujan.com\/xdeporte\/automodelismo-slot-lujan\/","title":{"rendered":"Jos\u00e9 Rodr\u00edguez gan\u00f3 en el automodelismo slot de Luj\u00e1n"},"content":{"rendered":"<h6><span style=\"font-family: georgia, palatino, serif; font-size: 14pt;\"><em>Jos\u00e9 Rodr\u00edguez se qued\u00f3 con el primer puesto de la jornada en la categor\u00eda Sport del automodelismo slot con Lautaro Etchetto en el 2\u00b0 puesto y Horacio Ninkov en el 3\u00b0 lugar.<\/em><\/span><br \/>\n<!--more--><\/h6>\n<p><img loading=\"lazy\" decoding=\"async\" class=\"alignnone size-full wp-image-15730\" src=\"https:\/\/www.diariodelujan.com\/wp-content\/uploads\/2024\/09\/podio-slot.webp\" alt=\"Automodelismo Slot Luj\u00e1n\" width=\"900\" height=\"565\" title=\"\"><\/p>\n<p>Sport es una de las categor\u00edas que en ACAL viene despertando desde hace meses e incluso desde el principio de los torneos 2023, una atracci\u00f3n especial que convoca no s\u00f3lo a pilotos lujanenses, sino que, m\u00e1s all\u00e1 de las buenas actuaciones de los locales, interesa a pilotos de municipios vecinos e incluso de los m\u00e1s alejados.<\/p>\n<p><img loading=\"lazy\" decoding=\"async\" class=\"alignnone size-full wp-image-15733\" src=\"https:\/\/www.diariodelujan.com\/wp-content\/uploads\/2024\/09\/SPORT-30-08-aaa.webp\" alt=\"Automodelismo Slot Luj\u00e1n\" width=\"900\" height=\"566\" title=\"\"><\/p>\n<p>En esta carrera slot disputada el \u00faltimo viernes de Agosto, que por el fr\u00edo se hab\u00eda hecho interminable el piloto de Del Viso, un contundente Jos\u00e9 Rodr\u00edguez se llev\u00f3 la final mientras el segundo puesto fue para un inspirado Lautaro <a href=\"https:\/\/diariodelujan.com\/xdeporte\/etchetto-se-quedo-con-la-3ra-fecha-de-la-copa-sport\/\">Etchetto<\/a> aunque muy lejos de la punta (m\u00e1s de 6 vueltas detr\u00e1s), 3\u00b0 arrib\u00f3 para completar el podio, Horacio Ninkov soplando la nuca del lujanense.<\/p>\n<p><img loading=\"lazy\" decoding=\"async\" class=\"alignnone size-full wp-image-15734\" src=\"https:\/\/www.diariodelujan.com\/wp-content\/uploads\/2024\/09\/SPORT-30-08-aaaXXX.webp\" alt=\"Automodelismo Slot Luj\u00e1n\" width=\"900\" height=\"566\" title=\"\"><\/p>\n<p>Felicitaciones a los integrantes del podio y a todos los pilotos que conformando un gran parque siguen empujando hacia arriba a la categor\u00eda y a la pista.<\/p>\n<h3><strong>Mas all\u00e1 del podio del slot<\/strong><\/h3>\n<p>La grilla de llegada se complet\u00f3 de la siguiente manera:<\/p>\n<p>4to Adri\u00e1n Simonetti, tratando de enderezar el rumbo que lo lleve nuevamente a los primeros lugares,<\/p>\n<p>5to Carlos Bellome,<\/p>\n<p>6to Javier Braiotta en una magnifica actuaci\u00f3n,<\/p>\n<p>7mo lleg\u00f3 Facundo Ceballos en buena tarea el de Carmen de Areco,<\/p>\n<p>8vo el arrecife\u00f1o Oscar De Falcis con interesante desempe\u00f1o,<\/p>\n<p>9no Esteban Colmenares y 10mo cerrando el top ten Gustavo Mellado .<\/p>\n<p><img loading=\"lazy\" decoding=\"async\" class=\"alignnone size-full wp-image-15735\" src=\"https:\/\/www.diariodelujan.com\/wp-content\/uploads\/2024\/09\/SPORT-30-08-aaaXXXC.webp\" alt=\"Automodelismo Slot Luj\u00e1n\" width=\"900\" height=\"596\" title=\"\"><\/p>\n<p>Luego cerr\u00f3 su actuaci\u00f3n el otro carmelero y artista de la pintura\/decoraci\u00f3n de carrocer\u00edas de slot Cesar Ceballos en und\u00e9cimo lugar.<\/p>\n<p>El 12do fue en esta ocasi\u00f3n el de Gral. Rodr\u00edguez, Maxi Naranjo , sin mucha suerte en esta carrera con un manejo espectacular pero con s\u00f3lo 6 vueltas transitadas con abandono en la \u00faltima v\u00eda cuando estaba en la conversaci\u00f3n por los primeros lugares. Otra vez ser\u00e1.<\/p>\n<p>13ri y 14to clasificaron respectivamente Javier Etchetto y el de Moreno Julio Bevilaqua que se gast\u00f3 todos los cartuchos en una muy buena clasificaci\u00f3n previa (2do).<\/p>\n<h5><strong>TIEMPOS DE CLASIFICACI\u00d3N<\/strong><\/h5>\n<p>1RO JOS\u00c9 RODR\u00cdGUEZ 03.462<br \/>\n2DO JULIO BEVILACQUA 03.541<br \/>\n3RO LAUTARO ETCHETTO 03.553<br \/>\n4TO JAVIER BRAIOTTA 03.605<br \/>\n5TO ADRI\u00c1N SIMONETTI 03.622<\/p>\n<p><strong>RESULTADO FINAL DE LA CARRERA<\/strong><\/p>\n<p>1RO JOS\u00c9 RODR\u00cdGUEZ 184.27<br \/>\n2DO LAUTARO ETCHETTO 178.22<br \/>\n3RO HORACIO NINKOV 178.22<br \/>\n4TO ADRI\u00c1N\u00a0SIMONETTI 177.31<br \/>\n5TO CARLOS BELLOME 174.37<br \/>\n6TO JAVIER BRAIOTTA 173.01<br \/>\n7MO FACUNDO CABALLOS 172.31<br \/>\n8VO OSCAR DEFALCIS 105.25<br \/>\n9NO ESTEBAN COLMENARES 163.27<br \/>\n10MO GUSTAVO MELLADO 163.77<br \/>\n11MO CESAR CEBALLOS 160.64<br \/>\n12DO MAXI NARANJO 147.01<br \/>\n13RI JULIO BEVILAQUA 79.01<br \/>\n14TO JAVIER ETCHETTO 69.00<\/p>\n<p><em>Nota Ricardo Vega<\/em><br \/>\n<em>Servicio de prensa<\/em><br \/>\n<em>Contacto 67036196<\/em><\/p>\n","protected":false},"excerpt":{"rendered":"<p>Jos\u00e9 Rodr\u00edguez se qued\u00f3 con el primer puesto de la jornada en la categor\u00eda Sport del automodelismo slot con Lautaro Etchetto en el 2\u00b0 puesto y Horacio Ninkov en el 3\u00b0 lugar.<\/p>\n","protected":false},"author":4,"featured_media":14581,"comment_status":"closed","ping_status":"open","sticky":false,"template":"","format":"standard","meta":{"tdm_status":"","tdm_grid_status":"","footnotes":""},"categories":[20,2],"tags":[19,21],"class_list":{"0":"post-14578","1":"post","2":"type-post","3":"status-publish","4":"format-standard","5":"has-post-thumbnail","7":"category-automodelismo","8":"category-featured","9":"tag-automodelismo","10":"tag-slot"},"_links":{"self":[{"href":"https:\/\/diariodelujan.com\/xdeporte\/wp-json\/wp\/v2\/posts\/14578","targetHints":{"allow":["GET"]}}],"collection":[{"href":"https:\/\/diariodelujan.com\/xdeporte\/wp-json\/wp\/v2\/posts"}],"about":[{"href":"https:\/\/diariodelujan.com\/xdeporte\/wp-json\/wp\/v2\/types\/post"}],"author":[{"embeddable":true,"href":"https:\/\/diariodelujan.com\/xdeporte\/wp-json\/wp\/v2\/users\/4"}],"replies":[{"embeddable":true,"href":"https:\/\/diariodelujan.com\/xdeporte\/wp-json\/wp\/v2\/comments?post=14578"}],"version-history":[{"count":7,"href":"https:\/\/diariodelujan.com\/xdeporte\/wp-json\/wp\/v2\/posts\/14578\/revisions"}],"predecessor-version":[{"id":14883,"href":"https:\/\/diariodelujan.com\/xdeporte\/wp-json\/wp\/v2\/posts\/14578\/revisions\/14883"}],"wp:featuredmedia":[{"embeddable":true,"href":"https:\/\/diariodelujan.com\/xdeporte\/wp-json\/wp\/v2\/media\/14581"}],"wp:attachment":[{"href":"https:\/\/diariodelujan.com\/xdeporte\/wp-json\/wp\/v2\/media?parent=14578"}],"wp:term":[{"taxonomy":"category","embeddable":true,"href":"https:\/\/diariodelujan.com\/xdeporte\/wp-json\/wp\/v2\/categories?post=14578"},{"taxonomy":"post_tag","embeddable":true,"href":"https:\/\/diariodelujan.com\/xdeporte\/wp-json\/wp\/v2\/tags?post=14578"}],"curies":[{"name":"wp","href":"https:\/\/api.w.org\/{rel}","templated":true}]}}