{"id":14585,"date":"2024-09-04T21:02:33","date_gmt":"2024-09-05T00:02:33","guid":{"rendered":"https:\/\/diariodelujan.com\/xdeporte\/?p=14585"},"modified":"2024-09-04T21:02:33","modified_gmt":"2024-09-05T00:02:33","slug":"lujan-le-gano-a-muniz","status":"publish","type":"post","link":"https:\/\/diariodelujan.com\/xdeporte\/lujan-le-gano-a-muniz\/","title":{"rendered":"Luj\u00e1n le gan\u00f3 a Mu\u00f1iz con un gol tempranero"},"content":{"rendered":"<p><span style=\"font-family: georgia, palatino, serif; font-size: 14pt;\"><em>Este mi\u00e9rcoles por la tarde, Luj\u00e1n le gan\u00f3 a Mu\u00f1iz por la m\u00ednima diferencia y se coloc\u00f3 s\u00e9ptimo, a 4 puntos del l\u00edder, Deportivo Espa\u00f1ol.<\/em><\/span><\/p>\n<p><!--more--><\/p>\n<p>En la jornada anterior, <em>el Lujanero\u00a0<\/em><a href=\"https:\/\/diariodelujan.com\/xdeporte\/dura-derrota-de-lujan\/\" target=\"_blank\" rel=\"noopener\">sufri\u00f3 una dura derrota ante Lamadrid<\/a> por 3 a 1. En esta ocasi\u00f3n, <a href=\"https:\/\/www.facebook.com\/www.clublujan.com.ar\" target=\"_blank\" rel=\"noopener\">Luj\u00e1n<\/a> le gan\u00f3 a Mu\u00f1iz con un gol tempranero y se qued\u00f3 con tres puntos importantes.<\/p>\n<p>A los dos minutos de juego, <em>el Lujanero\u00a0<\/em>se puso en ventaja. En un tiro de esquina para la visita fue recibido por Ciancio, que la bajo para que Di\u00f3genes Notta la empuje y convierta el gol de la tarde.<\/p>\n<p>En desventaja, el local intent\u00f3 encontrar el empate, pero Luj\u00e1n se hizo fuerte en el medio y tuvo m\u00e1s chances de convertir.<\/p>\n<p>En el segundo tiempo, Mu\u00f1iz lleg\u00f3 a igualar el encuentro, sin embargo, el juez de l\u00ednea marc\u00f3 fuera de juego y el \u00e1rbitro anul\u00f3 el tanto.<\/p>\n<p>Si bien el <em>Lujanero<\/em> hab\u00eda perdido el dominio que ejerci\u00f3 en el primer tiempo, tuvo la chance de aumentar la diferencia por medio de Eladio Ramos y Mateo Tarr\u00edo, pero la dupla delantera no logr\u00f3 concretar en el arco rival.<\/p>\n<p>Por su lado, el local tuvo varias claras en las \u00faltimas instancias del partido, pero Vali\u00f1as se encarg\u00f3 de mantener su arco en cero para que <em>el<\/em> <em>Lujanero<\/em> se quede con el triunfo.<\/p>\n<h4><strong>Luj\u00e1n le gan\u00f3 a Mu\u00f1iz y se mete entre los siete mejores<\/strong><\/h4>\n<p>Con esta victoria, los dirigidos por Garate se metieron en la pelea por el t\u00edtulo al quedar s\u00e9ptimos, con 16 puntos, a solo 5 del puntero. El pr\u00f3ximo s\u00e1bado, Luj\u00e1n recibir\u00e1 a Mercedes en el 1\u00b0 de Abril, en lo que ser\u00e1 la revancha de un nuevo cl\u00e1sico.<\/p>\n","protected":false},"excerpt":{"rendered":"<p>Este mi\u00e9rcoles por la tarde, Luj\u00e1n le gan\u00f3 a Mu\u00f1iz por la m\u00ednima diferencia y se coloc\u00f3 s\u00e9ptimo, a 4 puntos del l\u00edder, Deportivo Espa\u00f1ol.<\/p>\n","protected":false},"author":3,"featured_media":14586,"comment_status":"closed","ping_status":"closed","sticky":false,"template":"","format":"standard","meta":{"tdm_status":"","tdm_grid_status":"","footnotes":""},"categories":[2,8],"tags":[173,117,184,212,130],"class_list":{"0":"post-14585","1":"post","2":"type-post","3":"status-publish","4":"format-standard","5":"has-post-thumbnail","7":"category-featured","8":"category-futbol","9":"tag-futbol","10":"tag-lujan","11":"tag-lujanero","12":"tag-muniz","13":"tag-primera-c"},"_links":{"self":[{"href":"https:\/\/diariodelujan.com\/xdeporte\/wp-json\/wp\/v2\/posts\/14585","targetHints":{"allow":["GET"]}}],"collection":[{"href":"https:\/\/diariodelujan.com\/xdeporte\/wp-json\/wp\/v2\/posts"}],"about":[{"href":"https:\/\/diariodelujan.com\/xdeporte\/wp-json\/wp\/v2\/types\/post"}],"author":[{"embeddable":true,"href":"https:\/\/diariodelujan.com\/xdeporte\/wp-json\/wp\/v2\/users\/3"}],"replies":[{"embeddable":true,"href":"https:\/\/diariodelujan.com\/xdeporte\/wp-json\/wp\/v2\/comments?post=14585"}],"version-history":[{"count":1,"href":"https:\/\/diariodelujan.com\/xdeporte\/wp-json\/wp\/v2\/posts\/14585\/revisions"}],"predecessor-version":[{"id":14587,"href":"https:\/\/diariodelujan.com\/xdeporte\/wp-json\/wp\/v2\/posts\/14585\/revisions\/14587"}],"wp:featuredmedia":[{"embeddable":true,"href":"https:\/\/diariodelujan.com\/xdeporte\/wp-json\/wp\/v2\/media\/14586"}],"wp:attachment":[{"href":"https:\/\/diariodelujan.com\/xdeporte\/wp-json\/wp\/v2\/media?parent=14585"}],"wp:term":[{"taxonomy":"category","embeddable":true,"href":"https:\/\/diariodelujan.com\/xdeporte\/wp-json\/wp\/v2\/categories?post=14585"},{"taxonomy":"post_tag","embeddable":true,"href":"https:\/\/diariodelujan.com\/xdeporte\/wp-json\/wp\/v2\/tags?post=14585"}],"curies":[{"name":"wp","href":"https:\/\/api.w.org\/{rel}","templated":true}]}}