{"id":14600,"date":"2024-09-07T10:54:17","date_gmt":"2024-09-07T13:54:17","guid":{"rendered":"https:\/\/diariodelujan.com\/xdeporte\/?p=14600"},"modified":"2024-09-07T11:55:28","modified_gmt":"2024-09-07T14:55:28","slug":"lujan-recibe-a-mercedes","status":"publish","type":"post","link":"https:\/\/diariodelujan.com\/xdeporte\/lujan-recibe-a-mercedes\/","title":{"rendered":"Luj\u00e1n recibe a Mercedes en la revancha del nuevo cl\u00e1sico"},"content":{"rendered":"<p><span style=\"font-family: georgia, palatino, serif; font-size: 14pt;\"><em>En el marco de la fecha 11, Luj\u00e1n recibe a Mercedes en el estadio 1\u00b0 de Abril por la revancha del nuevo cl\u00e1sico que naci\u00f3 este a\u00f1o tras la fusi\u00f3n de la categor\u00eda C y D.<\/em><\/span><\/p>\n<p><!--more--><\/p>\n<h4><strong>Luj\u00e1n recibe a Mercedes en el 1\u00b0 de Abril<\/strong><\/h4>\n<p>Por el duelo correspondiente a la fecha 11 del Clausura, <a href=\"https:\/\/www.facebook.com\/www.clublujan.com.ar\" target=\"_blank\" rel=\"noopener\">Luj\u00e1n<\/a> recibe a Mercedes en el 1\u00b0 de Abril con el objetivo de ganar, romper la racha de cuatro partidos sin ganar de local y arrimarse al l\u00edder de la tabla de posiciones.<\/p>\n<p><a href=\"https:\/\/diariodelujan.com\/xdeporte\/lujan-le-gano-a-muniz\/\" target=\"_blank\" rel=\"noopener\"><em>El Lujanero\u00a0<\/em>viene de derrotar a Deportivo Mu\u00f1iz por 1 a 0<\/a> y se coloc\u00f3 a 5 tantos del puntero, Deportivo Espa\u00f1ol. En esta jornada, tendr\u00e1 la chance de ganarle al club mercedino, tras la derrota 2-1 sufrida en Mercedes, en la fecha 11 del Apertura.<\/p>\n<p>Club Mercedes, por su lado, viene de una seguidilla de cuatro encuentros sin ganar y buscar\u00e1 recuperarse este s\u00e1bado a partir de las 15hs, ante <em>el Lujanero<\/em> y su gente.<\/p>\n","protected":false},"excerpt":{"rendered":"<p>En el marco de la fecha 11, Luj\u00e1n recibe a Mercedes en el estadio 1\u00b0 de Abril por la revancha del nuevo cl\u00e1sico que naci\u00f3 este a\u00f1o tras la fusi\u00f3n de la categor\u00eda C y D.<\/p>\n","protected":false},"author":3,"featured_media":14602,"comment_status":"closed","ping_status":"closed","sticky":false,"template":"","format":"standard","meta":{"tdm_status":"","tdm_grid_status":"","footnotes":""},"categories":[2,8],"tags":[173,117,184,140,130],"class_list":{"0":"post-14600","1":"post","2":"type-post","3":"status-publish","4":"format-standard","5":"has-post-thumbnail","7":"category-featured","8":"category-futbol","9":"tag-futbol","10":"tag-lujan","11":"tag-lujanero","12":"tag-mercedes","13":"tag-primera-c"},"_links":{"self":[{"href":"https:\/\/diariodelujan.com\/xdeporte\/wp-json\/wp\/v2\/posts\/14600","targetHints":{"allow":["GET"]}}],"collection":[{"href":"https:\/\/diariodelujan.com\/xdeporte\/wp-json\/wp\/v2\/posts"}],"about":[{"href":"https:\/\/diariodelujan.com\/xdeporte\/wp-json\/wp\/v2\/types\/post"}],"author":[{"embeddable":true,"href":"https:\/\/diariodelujan.com\/xdeporte\/wp-json\/wp\/v2\/users\/3"}],"replies":[{"embeddable":true,"href":"https:\/\/diariodelujan.com\/xdeporte\/wp-json\/wp\/v2\/comments?post=14600"}],"version-history":[{"count":1,"href":"https:\/\/diariodelujan.com\/xdeporte\/wp-json\/wp\/v2\/posts\/14600\/revisions"}],"predecessor-version":[{"id":14601,"href":"https:\/\/diariodelujan.com\/xdeporte\/wp-json\/wp\/v2\/posts\/14600\/revisions\/14601"}],"wp:featuredmedia":[{"embeddable":true,"href":"https:\/\/diariodelujan.com\/xdeporte\/wp-json\/wp\/v2\/media\/14602"}],"wp:attachment":[{"href":"https:\/\/diariodelujan.com\/xdeporte\/wp-json\/wp\/v2\/media?parent=14600"}],"wp:term":[{"taxonomy":"category","embeddable":true,"href":"https:\/\/diariodelujan.com\/xdeporte\/wp-json\/wp\/v2\/categories?post=14600"},{"taxonomy":"post_tag","embeddable":true,"href":"https:\/\/diariodelujan.com\/xdeporte\/wp-json\/wp\/v2\/tags?post=14600"}],"curies":[{"name":"wp","href":"https:\/\/api.w.org\/{rel}","templated":true}]}}