{"id":14609,"date":"2024-09-08T12:19:22","date_gmt":"2024-09-08T15:19:22","guid":{"rendered":"https:\/\/diariodelujan.com\/xdeporte\/?p=14609"},"modified":"2024-09-08T12:19:22","modified_gmt":"2024-09-08T15:19:22","slug":"el-canario-recibe-a-fenix","status":"publish","type":"post","link":"https:\/\/diariodelujan.com\/xdeporte\/el-canario-recibe-a-fenix\/","title":{"rendered":"El Canario recibe a F\u00e9nix en el Carlos V"},"content":{"rendered":"<p><span style=\"font-family: georgia, palatino, serif; font-size: 14pt;\"><em>Este domingo, el Canario ser\u00e1 anfitri\u00f3n en el encuentro ante F\u00e9nix, por la fecha 13 del Clausura de la Primera B Metropolitana.<\/em><\/span><\/p>\n<p><!--more--><\/p>\n<p>El Canario derrot\u00f3 a Midland en la fecha anterior y buscar\u00e1 en este nuevo duelo mantener el invicto de 4 partidos sin perder ni recibir goles.<\/p>\n<p>Por su lado, F\u00e9nix viene de 4 partidos sin conocer la victoria, tras 3 derrotas y un empate en la fecha anterior contra Villa San Carlos.<\/p>\n<p>El encuentro entre ambos se jugar\u00e1 este domingo, a las 15 hs, y ser\u00e1 arbitrado por Ignacio Cuicchi.<\/p>\n","protected":false},"excerpt":{"rendered":"<p>Este domingo, el Canario ser\u00e1 anfitri\u00f3n en el encuentro ante F\u00e9nix, por la fecha 13 del Clausura de la Primera B Metropolitana.<\/p>\n","protected":false},"author":3,"featured_media":14610,"comment_status":"closed","ping_status":"closed","sticky":false,"template":"","format":"standard","meta":{"tdm_status":"","tdm_grid_status":"","footnotes":""},"categories":[2,8],"tags":[171,221,172,173,198],"class_list":{"0":"post-14609","1":"post","2":"type-post","3":"status-publish","4":"format-standard","5":"has-post-thumbnail","7":"category-featured","8":"category-futbol","9":"tag-canario","10":"tag-fenix","11":"tag-flandria","12":"tag-futbol","13":"tag-primera-b"},"_links":{"self":[{"href":"https:\/\/diariodelujan.com\/xdeporte\/wp-json\/wp\/v2\/posts\/14609","targetHints":{"allow":["GET"]}}],"collection":[{"href":"https:\/\/diariodelujan.com\/xdeporte\/wp-json\/wp\/v2\/posts"}],"about":[{"href":"https:\/\/diariodelujan.com\/xdeporte\/wp-json\/wp\/v2\/types\/post"}],"author":[{"embeddable":true,"href":"https:\/\/diariodelujan.com\/xdeporte\/wp-json\/wp\/v2\/users\/3"}],"replies":[{"embeddable":true,"href":"https:\/\/diariodelujan.com\/xdeporte\/wp-json\/wp\/v2\/comments?post=14609"}],"version-history":[{"count":1,"href":"https:\/\/diariodelujan.com\/xdeporte\/wp-json\/wp\/v2\/posts\/14609\/revisions"}],"predecessor-version":[{"id":14611,"href":"https:\/\/diariodelujan.com\/xdeporte\/wp-json\/wp\/v2\/posts\/14609\/revisions\/14611"}],"wp:featuredmedia":[{"embeddable":true,"href":"https:\/\/diariodelujan.com\/xdeporte\/wp-json\/wp\/v2\/media\/14610"}],"wp:attachment":[{"href":"https:\/\/diariodelujan.com\/xdeporte\/wp-json\/wp\/v2\/media?parent=14609"}],"wp:term":[{"taxonomy":"category","embeddable":true,"href":"https:\/\/diariodelujan.com\/xdeporte\/wp-json\/wp\/v2\/categories?post=14609"},{"taxonomy":"post_tag","embeddable":true,"href":"https:\/\/diariodelujan.com\/xdeporte\/wp-json\/wp\/v2\/tags?post=14609"}],"curies":[{"name":"wp","href":"https:\/\/api.w.org\/{rel}","templated":true}]}}