{"id":14612,"date":"2024-09-08T20:46:09","date_gmt":"2024-09-08T23:46:09","guid":{"rendered":"https:\/\/diariodelujan.com\/xdeporte\/?p=14612"},"modified":"2024-09-08T20:46:09","modified_gmt":"2024-09-08T23:46:09","slug":"flandria-gano-fecha-13","status":"publish","type":"post","link":"https:\/\/diariodelujan.com\/xdeporte\/flandria-gano-fecha-13\/","title":{"rendered":"Flandria gan\u00f3 y se meti\u00f3 en el reducido"},"content":{"rendered":"<p><span style=\"font-family: georgia, palatino, serif; font-size: 14pt;\"><em>Este domingo, Flandria gan\u00f3 1 a 0 como local ante F\u00e9nix y se meti\u00f3 en la zona de reducido por un puesto en el ascenso.<\/em><\/span><\/p>\n<p><!--more--><\/p>\n<p>En la fecha 12 del Clausura, que se jug\u00f3 la semana pasada, <a href=\"https:\/\/diariodelujan.com\/xdeporte\/el-canario-volvio-al-triunfo\/\" target=\"_blank\" rel=\"noopener\">Flandria gan\u00f3 por la m\u00ednima diferencia en su cruce con Midland<\/a>. En esta jornada derrot\u00f3 a F\u00e9nix y se meti\u00f3 en la zona de reducido. El conjunto de J\u00e1uregui suma, adem\u00e1s, 5 partidos sin perder ni recibir goles en su contra.<\/p>\n<p><a href=\"https:\/\/www.facebook.com\/ClubsydFlandria\" target=\"_blank\" rel=\"noopener\"><em>El Canario<\/em><\/a> se puso r\u00e1pidamente en ventaja. Tras la primera llegada al arco del <em>Albinegro, <\/em>que fue contenida por el arquero visitante, Bustamente super\u00f3 a Adasme y marc\u00f3 el 1-0.<\/p>\n<p>El local sali\u00f3 a buscar el segundo, probando en diferentes ocasiones con Leonardo Gonz\u00e1lez y Cristian Cuenca, pero el arco de la visita no recibi\u00f3 m\u00e1s goles.<\/p>\n<p>En la segunda mitad, F\u00e9nix presion\u00f3 al due\u00f1o de casa, pero en la m\u00e1s clara que tuvo, la pelota se fue por arriba del travesa\u00f1o.<\/p>\n<p>Flandria intent\u00f3 aprovechar los espacios en el fondo que dej\u00f3 su rival y, en la m\u00e1s clara que tuvo, un defensor de la visita sac\u00f3 de la l\u00ednea lo que hubiese sido el segundo del anfitri\u00f3n.<\/p>\n<h4><strong>Flandria gan\u00f3 y se prende en el reducido<\/strong><\/h4>\n<p>Sin tiempo para m\u00e1s, <em>el Canario<\/em> se qued\u00f3 con los tres puntos y se suma a la pelea por el ascenso. La pr\u00f3xima fecha visitar\u00e1 a Argentino de Quilmes, por la jornada 14.<\/p>\n","protected":false},"excerpt":{"rendered":"<p>Este domingo, Flandria gan\u00f3 1 a 0 como local ante F\u00e9nix y se meti\u00f3 en la zona de reducido por un puesto en el ascenso.<\/p>\n","protected":false},"author":3,"featured_media":14613,"comment_status":"closed","ping_status":"closed","sticky":false,"template":"","format":"standard","meta":{"tdm_status":"","tdm_grid_status":"","footnotes":""},"categories":[2,8],"tags":[171,221,172,173,198],"class_list":{"0":"post-14612","1":"post","2":"type-post","3":"status-publish","4":"format-standard","5":"has-post-thumbnail","7":"category-featured","8":"category-futbol","9":"tag-canario","10":"tag-fenix","11":"tag-flandria","12":"tag-futbol","13":"tag-primera-b"},"_links":{"self":[{"href":"https:\/\/diariodelujan.com\/xdeporte\/wp-json\/wp\/v2\/posts\/14612","targetHints":{"allow":["GET"]}}],"collection":[{"href":"https:\/\/diariodelujan.com\/xdeporte\/wp-json\/wp\/v2\/posts"}],"about":[{"href":"https:\/\/diariodelujan.com\/xdeporte\/wp-json\/wp\/v2\/types\/post"}],"author":[{"embeddable":true,"href":"https:\/\/diariodelujan.com\/xdeporte\/wp-json\/wp\/v2\/users\/3"}],"replies":[{"embeddable":true,"href":"https:\/\/diariodelujan.com\/xdeporte\/wp-json\/wp\/v2\/comments?post=14612"}],"version-history":[{"count":1,"href":"https:\/\/diariodelujan.com\/xdeporte\/wp-json\/wp\/v2\/posts\/14612\/revisions"}],"predecessor-version":[{"id":14614,"href":"https:\/\/diariodelujan.com\/xdeporte\/wp-json\/wp\/v2\/posts\/14612\/revisions\/14614"}],"wp:featuredmedia":[{"embeddable":true,"href":"https:\/\/diariodelujan.com\/xdeporte\/wp-json\/wp\/v2\/media\/14613"}],"wp:attachment":[{"href":"https:\/\/diariodelujan.com\/xdeporte\/wp-json\/wp\/v2\/media?parent=14612"}],"wp:term":[{"taxonomy":"category","embeddable":true,"href":"https:\/\/diariodelujan.com\/xdeporte\/wp-json\/wp\/v2\/categories?post=14612"},{"taxonomy":"post_tag","embeddable":true,"href":"https:\/\/diariodelujan.com\/xdeporte\/wp-json\/wp\/v2\/tags?post=14612"}],"curies":[{"name":"wp","href":"https:\/\/api.w.org\/{rel}","templated":true}]}}