{"id":14621,"date":"2024-09-10T23:29:29","date_gmt":"2024-09-11T02:29:29","guid":{"rendered":"https:\/\/diariodelujan.com\/xdeporte\/?p=14621"},"modified":"2024-09-14T10:26:38","modified_gmt":"2024-09-14T13:26:38","slug":"el-lujanero-visita-al-churrua","status":"publish","type":"post","link":"https:\/\/diariodelujan.com\/xdeporte\/el-lujanero-visita-al-churrua\/","title":{"rendered":"El Lujanero visita a Central C\u00f3rdoba por la fecha 12"},"content":{"rendered":"<p><span style=\"font-family: georgia, palatino, serif; font-size: 14pt;\"><em>Este mi\u00e9rcoles, el Lujanero visita al Charr\u00faa en el Gabino Sosa por la fecha 12 de la Primera C.<\/em><\/span><\/p>\n<p><!--more--><\/p>\n<p>Tras <a href=\"https:\/\/diariodelujan.com\/xdeporte\/lujan-gano-y-corto-la-sequia\/\" target=\"_blank\" rel=\"noopener\">salir victorioso ante Mercedes<\/a>, <a href=\"https:\/\/www.facebook.com\/www.clublujan.com.ar\" target=\"_blank\" rel=\"noopener\"><em>el Lujanero<\/em><\/a> visita ahora a Central C\u00f3rdoba en el marco de la fecha 12 del Clausura de la Primera C. El encuentro se jugar\u00e1 a partir de las 15 hs y ser\u00e1 arbitrado por Valent\u00edn Bocaccia.<\/p>\n<h4><strong>El Lujanero visita al Charr\u00faa tras derrotar a Mercedes<\/strong><\/h4>\n<p>El equipo dirigido por el <em>Piri\u00a0<\/em>viene de derrotar a Club Mercedes por 2 a 0 y qued\u00f3 sexto en la tabla con 19 puntos, a 4 del puntero.<\/p>\n<p>Por su lado, el Charr\u00faa cay\u00f3 ante Sportivo Barracas en la fecha anterior por 2 a 1 y en esta ocasi\u00f3n buscar\u00e1 recuperarse con un triunfo ante el conjunto de la banda.<\/p>\n<p>El \u00faltimo cruce entre ambos elencos, el pasado 10 de abril, culmin\u00f3 con un empate 1-1.<\/p>\n","protected":false},"excerpt":{"rendered":"<p>Este mi\u00e9rcoles, el Lujanero visita al Charr\u00faa en el Gabino Sosa por la fecha 12 de la Primera C.<\/p>\n","protected":false},"author":3,"featured_media":14622,"comment_status":"closed","ping_status":"closed","sticky":false,"template":"","format":"standard","meta":{"tdm_status":"","tdm_grid_status":"","footnotes":""},"categories":[8],"tags":[330,173,117,184,130],"class_list":{"0":"post-14621","1":"post","2":"type-post","3":"status-publish","4":"format-standard","5":"has-post-thumbnail","7":"category-futbol","8":"tag-central-cordoba-rosario","9":"tag-futbol","10":"tag-lujan","11":"tag-lujanero","12":"tag-primera-c"},"_links":{"self":[{"href":"https:\/\/diariodelujan.com\/xdeporte\/wp-json\/wp\/v2\/posts\/14621","targetHints":{"allow":["GET"]}}],"collection":[{"href":"https:\/\/diariodelujan.com\/xdeporte\/wp-json\/wp\/v2\/posts"}],"about":[{"href":"https:\/\/diariodelujan.com\/xdeporte\/wp-json\/wp\/v2\/types\/post"}],"author":[{"embeddable":true,"href":"https:\/\/diariodelujan.com\/xdeporte\/wp-json\/wp\/v2\/users\/3"}],"replies":[{"embeddable":true,"href":"https:\/\/diariodelujan.com\/xdeporte\/wp-json\/wp\/v2\/comments?post=14621"}],"version-history":[{"count":2,"href":"https:\/\/diariodelujan.com\/xdeporte\/wp-json\/wp\/v2\/posts\/14621\/revisions"}],"predecessor-version":[{"id":14624,"href":"https:\/\/diariodelujan.com\/xdeporte\/wp-json\/wp\/v2\/posts\/14621\/revisions\/14624"}],"wp:featuredmedia":[{"embeddable":true,"href":"https:\/\/diariodelujan.com\/xdeporte\/wp-json\/wp\/v2\/media\/14622"}],"wp:attachment":[{"href":"https:\/\/diariodelujan.com\/xdeporte\/wp-json\/wp\/v2\/media?parent=14621"}],"wp:term":[{"taxonomy":"category","embeddable":true,"href":"https:\/\/diariodelujan.com\/xdeporte\/wp-json\/wp\/v2\/categories?post=14621"},{"taxonomy":"post_tag","embeddable":true,"href":"https:\/\/diariodelujan.com\/xdeporte\/wp-json\/wp\/v2\/tags?post=14621"}],"curies":[{"name":"wp","href":"https:\/\/api.w.org\/{rel}","templated":true}]}}