{"id":14625,"date":"2024-09-11T15:31:47","date_gmt":"2024-09-11T18:31:47","guid":{"rendered":"https:\/\/diariodelujan.com\/xdeporte\/?p=14625"},"modified":"2024-09-14T10:12:52","modified_gmt":"2024-09-14T13:12:52","slug":"nueva-fecha-del-tc-de-acal","status":"publish","type":"post","link":"https:\/\/diariodelujan.com\/xdeporte\/nueva-fecha-del-tc-de-acal\/","title":{"rendered":"Sergio La Vega gan\u00f3 en una nueva fecha del TC de ACAL"},"content":{"rendered":"<p><span style=\"font-family: georgia, palatino, serif; font-size: 14pt;\"><em>El \u00faltimo viernes Sergio La Vega tuvo una gran noche en una nueva fecha del TC de ACAL obteniendo un justo triunfo.<\/em><\/span><!--more--><\/p>\n<p>Sergio La Vega fue el poleman en la clasificaci\u00f3n previa, marcando para su mejor vuelta 4.069, segundo Javier Etchetto (4.017) y 3ero con una marca de 4.155 Horacio Ninkov.<\/p>\n<p><img loading=\"lazy\" decoding=\"async\" class=\"alignnone size-full wp-image-16110\" src=\"https:\/\/www.diariodelujan.com\/wp-content\/uploads\/2024\/09\/6-09-TC-PLANILLASBBBAVVC.webp\" alt=\"Nueva fecha del TC de ACAL\" width=\"900\" height=\"494\" title=\"\"><\/p>\n<p>En carrera, con una pista en excelentes condiciones, volvi\u00f3 a ser el mejor el poleman -La Vega- con 159.27 vtas superando a Maximiliano (Maxi) Naranjo que redonde\u00f3 158.46 mientras el \u00faltimo escal\u00f3n del merecido podio fue esta vez para Tomas Ninkov el joven, pero muy veloz piloto, que consigui\u00f3 156.08 giros a la pista de Venerando Rodr\u00edguez 113 a pasos de la Avda Carlos Pellegrini.<\/p>\n<p><img loading=\"lazy\" decoding=\"async\" class=\"alignnone size-full wp-image-16109\" src=\"https:\/\/www.diariodelujan.com\/wp-content\/uploads\/2024\/09\/6-09-TC-PLANILLASBBBAVV.webp\" alt=\"Nueva fecha del TC de ACAL\" width=\"800\" height=\"538\" title=\"\"><\/p>\n<p>El cuarto en arribar fue Javier Etchetto con 156.25 y fue 5to Lautaro Etchetto con 155.57 vtas, 6to Adri\u00e1n Sanguinetti 155.27, 7mo fue el ex campe\u00f3n de la categor\u00eda Javier Casanova (152.30), 8vo Juan Delgado (145,54), 9no Daniel Amantini 144.80, 10mo Javier Braiotta (143.45)<\/p>\n<p>El 11mo fue, volviendo con asiduidad a la pista, Estaban Colmenares con 131.55 giros, 12do Pasti Melconian con algunos problemas mec\u00e1nicos que le impidieron terminar la carrera sumando 114.01 y 13ro Horacio Ninkov con un auto que no quiso acompa\u00f1arlo s\u00f3lo cumpli\u00f3 15 pasos por la linea de sentencia abandonando la prueba.<\/p>\n<p><img loading=\"lazy\" decoding=\"async\" class=\"alignnone size-full wp-image-16107\" src=\"https:\/\/www.diariodelujan.com\/wp-content\/uploads\/2024\/09\/6-09-TC-PLANILLAS.webp\" alt=\"Nueva fecha del TC de ACAL\" width=\"899\" height=\"434\" title=\"\"><\/p>\n<p>Recordamos que esta pista ser\u00e1 el escenario de la 6ta fecha del Torneo Provincial de Slot 2024 quedando pendientes de realizaci\u00f3n la 7ma y la 8va fecha para completar la grilla anual.<\/p>\n<p><em>Nota Ricardo Vega<\/em><br \/>\n<em>Servicio de prensa<\/em><br \/>\n<em>contacto 67036196<\/em><\/p>\n","protected":false},"excerpt":{"rendered":"<p>El \u00faltimo viernes Sergio La Vega tuvo una gran noche en una nueva fecha del TC de ACAL obteniendo un justo triunfo.<\/p>\n","protected":false},"author":4,"featured_media":14627,"comment_status":"closed","ping_status":"closed","sticky":false,"template":"","format":"standard","meta":{"tdm_status":"","tdm_grid_status":"","footnotes":""},"categories":[20],"tags":[],"class_list":{"0":"post-14625","1":"post","2":"type-post","3":"status-publish","4":"format-standard","5":"has-post-thumbnail","7":"category-automodelismo"},"_links":{"self":[{"href":"https:\/\/diariodelujan.com\/xdeporte\/wp-json\/wp\/v2\/posts\/14625","targetHints":{"allow":["GET"]}}],"collection":[{"href":"https:\/\/diariodelujan.com\/xdeporte\/wp-json\/wp\/v2\/posts"}],"about":[{"href":"https:\/\/diariodelujan.com\/xdeporte\/wp-json\/wp\/v2\/types\/post"}],"author":[{"embeddable":true,"href":"https:\/\/diariodelujan.com\/xdeporte\/wp-json\/wp\/v2\/users\/4"}],"replies":[{"embeddable":true,"href":"https:\/\/diariodelujan.com\/xdeporte\/wp-json\/wp\/v2\/comments?post=14625"}],"version-history":[{"count":2,"href":"https:\/\/diariodelujan.com\/xdeporte\/wp-json\/wp\/v2\/posts\/14625\/revisions"}],"predecessor-version":[{"id":14628,"href":"https:\/\/diariodelujan.com\/xdeporte\/wp-json\/wp\/v2\/posts\/14625\/revisions\/14628"}],"wp:featuredmedia":[{"embeddable":true,"href":"https:\/\/diariodelujan.com\/xdeporte\/wp-json\/wp\/v2\/media\/14627"}],"wp:attachment":[{"href":"https:\/\/diariodelujan.com\/xdeporte\/wp-json\/wp\/v2\/media?parent=14625"}],"wp:term":[{"taxonomy":"category","embeddable":true,"href":"https:\/\/diariodelujan.com\/xdeporte\/wp-json\/wp\/v2\/categories?post=14625"},{"taxonomy":"post_tag","embeddable":true,"href":"https:\/\/diariodelujan.com\/xdeporte\/wp-json\/wp\/v2\/tags?post=14625"}],"curies":[{"name":"wp","href":"https:\/\/api.w.org\/{rel}","templated":true}]}}