{"id":14629,"date":"2024-09-11T21:37:09","date_gmt":"2024-09-12T00:37:09","guid":{"rendered":"https:\/\/diariodelujan.com\/xdeporte\/?p=14629"},"modified":"2024-09-11T21:37:09","modified_gmt":"2024-09-12T00:37:09","slug":"lujan-cayo-ante-el-charrua","status":"publish","type":"post","link":"https:\/\/diariodelujan.com\/xdeporte\/lujan-cayo-ante-el-charrua\/","title":{"rendered":"Luj\u00e1n cay\u00f3 ante el Charr\u00faa en Rosario"},"content":{"rendered":"<p><span style=\"font-family: georgia, palatino, serif; font-size: 14pt;\"><em>En el encuentro desarrollado este mi\u00e9rcoles por la tarde, Luj\u00e1n cay\u00f3 ante el Charr\u00faa por 3 a 1 y perdi\u00f3 la racha de cero derrotas como visitante.<\/em><\/span><\/p>\n<p><!--more--><\/p>\n<p><em>El Lujanero<\/em> ven\u00eda de <a href=\"https:\/\/diariodelujan.com\/xdeporte\/lujan-gano-y-corto-la-sequia\/\" target=\"_blank\" rel=\"noopener\">ganarle a Mercedes 2 a 0<\/a> en la fecha anterior y buscaba en esta jornada un triunfo que lo aproxime a la cima de la tabla. Sin embargo, <a href=\"https:\/\/www.facebook.com\/www.clublujan.com.ar\" target=\"_blank\" rel=\"noopener\">Luj\u00e1n<\/a> cay\u00f3 ante el Charr\u00faa 3 a 1 y se le cort\u00f3 la racha de cero derrotas fuera de casa.<\/p>\n<p>En el arranque del partido, el elenco visitante tom\u00f3 el protagonismo. Con dos llegadas claras, que fueron rechazadas por el arquero local, <em>el Lujanero\u00a0<\/em>parec\u00eda ser quien abrir\u00eda el marcador.<\/p>\n<p>En 12 minutos, Federico Pellegrino, de un derechazo, super\u00f3 al guardametas charr\u00faa y puso el 1-0 en favor de la visita.<\/p>\n<p>A pesar de la desventaja, el due\u00f1o de casa pudo hallar el empate sin cederle m\u00e1s goles a Luj\u00e1n. A los 30 minutos de juego, un error de los de la banda le permiti\u00f3 a Agust\u00edn Pr\u00edncipe marcar el primero del anfitri\u00f3n.<\/p>\n<p>En el segundo tiempo, Central C\u00f3rdoba r\u00e1pidamente dio vuela el partido. Centro de Pr\u00edncipe para Pablo Vranjican, que meti\u00f3 un excelente cabezazo y mand\u00f3 la pelota lejos de las manos de Vali\u00f1as.<\/p>\n<p>En este contexto, el partido transitaba los segundos finales, pero cuando el \u00e1rbitro principal estaba a punto de finalizarlo, Central C\u00f3rdoba se escurri\u00f3 entra la defensa <em>Lujanera<\/em> y, de la mano de Mar\u00edn, sentenci\u00f3 el 3 a 1 a su favor.<\/p>\n<h4><strong>Luj\u00e1n cay\u00f3 ante el Charr\u00faa y ahora ser\u00e1 local contra Puerto Nuevo<\/strong><\/h4>\n<p>Tras este resultado, los dirigidos por Garate deber\u00e1n recibir a Puerto Nuevo en el 1\u00b0 de Abril, por la fecha 13.<\/p>\n","protected":false},"excerpt":{"rendered":"<p>En el encuentro desarrollado este mi\u00e9rcoles por la tarde, Luj\u00e1n cay\u00f3 ante el Charr\u00faa por 3 a 1 y perdi\u00f3 la racha de cero derrotas como visitante.<\/p>\n","protected":false},"author":3,"featured_media":14630,"comment_status":"closed","ping_status":"closed","sticky":false,"template":"","format":"standard","meta":{"tdm_status":"","tdm_grid_status":"","footnotes":""},"categories":[2,8],"tags":[330,173,117,184,130],"class_list":{"0":"post-14629","1":"post","2":"type-post","3":"status-publish","4":"format-standard","5":"has-post-thumbnail","7":"category-featured","8":"category-futbol","9":"tag-central-cordoba-rosario","10":"tag-futbol","11":"tag-lujan","12":"tag-lujanero","13":"tag-primera-c"},"_links":{"self":[{"href":"https:\/\/diariodelujan.com\/xdeporte\/wp-json\/wp\/v2\/posts\/14629","targetHints":{"allow":["GET"]}}],"collection":[{"href":"https:\/\/diariodelujan.com\/xdeporte\/wp-json\/wp\/v2\/posts"}],"about":[{"href":"https:\/\/diariodelujan.com\/xdeporte\/wp-json\/wp\/v2\/types\/post"}],"author":[{"embeddable":true,"href":"https:\/\/diariodelujan.com\/xdeporte\/wp-json\/wp\/v2\/users\/3"}],"replies":[{"embeddable":true,"href":"https:\/\/diariodelujan.com\/xdeporte\/wp-json\/wp\/v2\/comments?post=14629"}],"version-history":[{"count":2,"href":"https:\/\/diariodelujan.com\/xdeporte\/wp-json\/wp\/v2\/posts\/14629\/revisions"}],"predecessor-version":[{"id":14632,"href":"https:\/\/diariodelujan.com\/xdeporte\/wp-json\/wp\/v2\/posts\/14629\/revisions\/14632"}],"wp:featuredmedia":[{"embeddable":true,"href":"https:\/\/diariodelujan.com\/xdeporte\/wp-json\/wp\/v2\/media\/14630"}],"wp:attachment":[{"href":"https:\/\/diariodelujan.com\/xdeporte\/wp-json\/wp\/v2\/media?parent=14629"}],"wp:term":[{"taxonomy":"category","embeddable":true,"href":"https:\/\/diariodelujan.com\/xdeporte\/wp-json\/wp\/v2\/categories?post=14629"},{"taxonomy":"post_tag","embeddable":true,"href":"https:\/\/diariodelujan.com\/xdeporte\/wp-json\/wp\/v2\/tags?post=14629"}],"curies":[{"name":"wp","href":"https:\/\/api.w.org\/{rel}","templated":true}]}}