{"id":14637,"date":"2024-09-13T17:17:02","date_gmt":"2024-09-13T20:17:02","guid":{"rendered":"https:\/\/diariodelujan.com\/xdeporte\/?p=14637"},"modified":"2024-09-16T12:25:09","modified_gmt":"2024-09-16T15:25:09","slug":"plantel-superior-buscara-otro-triunfo","status":"publish","type":"post","link":"https:\/\/diariodelujan.com\/xdeporte\/plantel-superior-buscara-otro-triunfo\/","title":{"rendered":"El plantel superior del LRC buscar\u00e1 seguir sumando en la 21\u00b0 fecha"},"content":{"rendered":"<p><span style=\"font-family: georgia, palatino, serif; font-size: 14pt;\"><em>El plantel superior del Luj\u00e1n Rugby Club volver\u00e1 a ser anfitri\u00f3n en el anexo donde recibe a CASA de Padua en busca de otro triunfo.<\/em><\/span><!--more--><\/p>\n<p><a href=\"https:\/\/www.diariodelujan.com\/wp-content\/uploads\/2024\/09\/en-casa.webp\"><img loading=\"lazy\" decoding=\"async\" class=\"alignnone wp-image-16196 size-full\" src=\"https:\/\/www.diariodelujan.com\/wp-content\/uploads\/2024\/09\/en-casa.webp\" alt=\"el Quince lujanense buscar\u00e1 seguir sumando \" width=\"900\" height=\"900\" title=\"\"><\/a><\/p>\n<p>En el marco de la 21\u00b0 fecha del rugby de la <a href=\"https:\/\/urba.org.ar\/\" target=\"_blank\" rel=\"noopener\">URBA<\/a>, en la categor\u00eda de la Primera C, los dirigidos por Germ\u00e1n Petoello, buscar\u00e1n un nuevo triunfo en el encuentro que se llevar\u00e1 adelante en la tarde de este s\u00e1bado en las instalaciones del anexo del Luj\u00e1n Rugby Club, en el barrio de La Loma.<\/p>\n<p>El quince local, que se ubica en un tercer puesto de la tabla, acumula 74 puntos tras <a href=\"\/xdeporte\/lujan-rc-gano-fecha-20\/\">vencer a Ciudad de Buenos Aires<\/a> por 45 a 0 con punto bonus.<\/p>\n<p><a href=\"https:\/\/www.diariodelujan.com\/wp-content\/uploads\/2024\/09\/ciudad-ba.webp\"><img loading=\"lazy\" decoding=\"async\" class=\"alignnone size-full wp-image-16195\" src=\"https:\/\/www.diariodelujan.com\/wp-content\/uploads\/2024\/09\/ciudad-ba.webp\" alt=\"\" width=\"900\" height=\"900\" title=\"\"><\/a><\/p>\n<p>La visita, CASA de Padua, llega a este encuentro tras vencer\u00a0 a Lan\u00fas por 17 a 14 y se encuentra ubicado en el ante \u00faltimo puesto con 18 puntos.<\/p>\n<p>&nbsp;<\/p>\n","protected":false},"excerpt":{"rendered":"<p>El plantel superior del Luj\u00e1n Rugby Club volver\u00e1 a ser anfitri\u00f3n en el anexo donde recibe a CASA de Padua en busca de otro triunfo.<\/p>\n","protected":false},"author":4,"featured_media":14640,"comment_status":"closed","ping_status":"closed","sticky":false,"template":"","format":"standard","meta":{"tdm_status":"","tdm_grid_status":"","footnotes":""},"categories":[1],"tags":[133,331,116],"class_list":{"0":"post-14637","1":"post","2":"type-post","3":"status-publish","4":"format-standard","5":"has-post-thumbnail","7":"category-rugby","8":"tag-lujan-rc","9":"tag-plantel-superior","10":"tag-rugby"},"_links":{"self":[{"href":"https:\/\/diariodelujan.com\/xdeporte\/wp-json\/wp\/v2\/posts\/14637","targetHints":{"allow":["GET"]}}],"collection":[{"href":"https:\/\/diariodelujan.com\/xdeporte\/wp-json\/wp\/v2\/posts"}],"about":[{"href":"https:\/\/diariodelujan.com\/xdeporte\/wp-json\/wp\/v2\/types\/post"}],"author":[{"embeddable":true,"href":"https:\/\/diariodelujan.com\/xdeporte\/wp-json\/wp\/v2\/users\/4"}],"replies":[{"embeddable":true,"href":"https:\/\/diariodelujan.com\/xdeporte\/wp-json\/wp\/v2\/comments?post=14637"}],"version-history":[{"count":5,"href":"https:\/\/diariodelujan.com\/xdeporte\/wp-json\/wp\/v2\/posts\/14637\/revisions"}],"predecessor-version":[{"id":14643,"href":"https:\/\/diariodelujan.com\/xdeporte\/wp-json\/wp\/v2\/posts\/14637\/revisions\/14643"}],"wp:featuredmedia":[{"embeddable":true,"href":"https:\/\/diariodelujan.com\/xdeporte\/wp-json\/wp\/v2\/media\/14640"}],"wp:attachment":[{"href":"https:\/\/diariodelujan.com\/xdeporte\/wp-json\/wp\/v2\/media?parent=14637"}],"wp:term":[{"taxonomy":"category","embeddable":true,"href":"https:\/\/diariodelujan.com\/xdeporte\/wp-json\/wp\/v2\/categories?post=14637"},{"taxonomy":"post_tag","embeddable":true,"href":"https:\/\/diariodelujan.com\/xdeporte\/wp-json\/wp\/v2\/tags?post=14637"}],"curies":[{"name":"wp","href":"https:\/\/api.w.org\/{rel}","templated":true}]}}