{"id":14654,"date":"2024-09-15T00:26:06","date_gmt":"2024-09-15T03:26:06","guid":{"rendered":"https:\/\/diariodelujan.com\/xdeporte\/?p=14654"},"modified":"2024-09-15T00:26:06","modified_gmt":"2024-09-15T03:26:06","slug":"el-lujanero-recibe-a-puerto-nuevo","status":"publish","type":"post","link":"https:\/\/diariodelujan.com\/xdeporte\/el-lujanero-recibe-a-puerto-nuevo\/","title":{"rendered":"El Lujanero recibe a Puerto Nuevo en el 1\u00b0 de Abril"},"content":{"rendered":"<p><span style=\"font-family: georgia, palatino, serif; font-size: 14pt;\"><em>Por la fecha 13 del Clausura de la Primera C, el Lujanero recibe a Puerto Nuevo con el objetivo de seguir sumando y escalando en la tabla de posiciones.<\/em><\/span><\/p>\n<p><!--more--><\/p>\n<p>Este domingo, <a href=\"https:\/\/www.facebook.com\/www.clublujan.com.ar\" target=\"_blank\" rel=\"noopener\"><em>el Lujanero<\/em><\/a> ser\u00e1 anfitri\u00f3n ante <em>el Portuario,<\/em> <a href=\"https:\/\/diariodelujan.com\/xdeporte\/lujan-cayo-ante-el-charrua\/\" target=\"_blank\" rel=\"noopener\">tras su dura derrota contra Central C\u00f3rdoba<\/a>. El encuentro se disputar\u00e1 a las 15 hs. y el encargado de impartir justicia ser\u00e1 Adri\u00e1n Rodr\u00edguez N\u00fa\u00f1ez.<\/p>\n<p>El conjunto de la Bas\u00edlica ven\u00eda con una racha: no perdi\u00f3 en los 5 compromisos que tuvo de visitante. Sin embargo, su \u00faltimo encuentro no solo cort\u00f3 con esta racha, si no que tambi\u00e9n le neg\u00f3 la oportunidad de achicar la brecha de 7 puntos con el l\u00edder del Clausura, Real Pilar.<\/p>\n<p>Por su lado, <em>el Portuario\u00a0<\/em>llega a este cruce con su propia racha: no pierde desde la fecha 7, donde cay\u00f3 3 a 0 ante el actual puntero. Adem\u00e1s, la cita entre estos clubes ser\u00e1 importante ya que los lujanenses se hayan un puesto arriba del conjunto visitante en la tabla de posiciones, con un punto de diferencia entre ambos.<\/p>\n<h4><strong>El Lujanero llega con ventaja en el historial<\/strong><\/h4>\n<p>El m\u00e1s reciente partido entre ambos data del 17 de abril de este a\u00f1o cuando, en un cruce por el Apertura, Luj\u00e1n derrot\u00f3 a Puerto Nuevo, en Campana, por 3 a 1.<\/p>\n","protected":false},"excerpt":{"rendered":"<p>Por la fecha 13 del Clausura de la Primera C, el Lujanero recibe a Puerto Nuevo con el objetivo de seguir sumando y escalando en la tabla de posiciones.<\/p>\n","protected":false},"author":3,"featured_media":14655,"comment_status":"closed","ping_status":"closed","sticky":false,"template":"","format":"standard","meta":{"tdm_status":"","tdm_grid_status":"","footnotes":""},"categories":[2,8],"tags":[173,117,184,130,333],"class_list":{"0":"post-14654","1":"post","2":"type-post","3":"status-publish","4":"format-standard","5":"has-post-thumbnail","7":"category-featured","8":"category-futbol","9":"tag-futbol","10":"tag-lujan","11":"tag-lujanero","12":"tag-primera-c","13":"tag-puerto-nuevo"},"_links":{"self":[{"href":"https:\/\/diariodelujan.com\/xdeporte\/wp-json\/wp\/v2\/posts\/14654","targetHints":{"allow":["GET"]}}],"collection":[{"href":"https:\/\/diariodelujan.com\/xdeporte\/wp-json\/wp\/v2\/posts"}],"about":[{"href":"https:\/\/diariodelujan.com\/xdeporte\/wp-json\/wp\/v2\/types\/post"}],"author":[{"embeddable":true,"href":"https:\/\/diariodelujan.com\/xdeporte\/wp-json\/wp\/v2\/users\/3"}],"replies":[{"embeddable":true,"href":"https:\/\/diariodelujan.com\/xdeporte\/wp-json\/wp\/v2\/comments?post=14654"}],"version-history":[{"count":1,"href":"https:\/\/diariodelujan.com\/xdeporte\/wp-json\/wp\/v2\/posts\/14654\/revisions"}],"predecessor-version":[{"id":14656,"href":"https:\/\/diariodelujan.com\/xdeporte\/wp-json\/wp\/v2\/posts\/14654\/revisions\/14656"}],"wp:featuredmedia":[{"embeddable":true,"href":"https:\/\/diariodelujan.com\/xdeporte\/wp-json\/wp\/v2\/media\/14655"}],"wp:attachment":[{"href":"https:\/\/diariodelujan.com\/xdeporte\/wp-json\/wp\/v2\/media?parent=14654"}],"wp:term":[{"taxonomy":"category","embeddable":true,"href":"https:\/\/diariodelujan.com\/xdeporte\/wp-json\/wp\/v2\/categories?post=14654"},{"taxonomy":"post_tag","embeddable":true,"href":"https:\/\/diariodelujan.com\/xdeporte\/wp-json\/wp\/v2\/tags?post=14654"}],"curies":[{"name":"wp","href":"https:\/\/api.w.org\/{rel}","templated":true}]}}