{"id":14659,"date":"2024-09-15T20:16:24","date_gmt":"2024-09-15T23:16:24","guid":{"rendered":"https:\/\/diariodelujan.com\/xdeporte\/?p=14659"},"modified":"2024-09-15T20:17:03","modified_gmt":"2024-09-15T23:17:03","slug":"lujan-empato-con-el-portuario","status":"publish","type":"post","link":"https:\/\/diariodelujan.com\/xdeporte\/lujan-empato-con-el-portuario\/","title":{"rendered":"Luj\u00e1n empat\u00f3 con el Portuario y se aleja de los primeros puestos"},"content":{"rendered":"<p><span style=\"font-family: georgia, palatino, serif; font-size: 14pt;\"><em>Este domingo, Luj\u00e1n empat\u00f3 con el Portuario en el estadio 1\u00b0 de Abril y se aleja de los primeros puestos de la tabla.<\/em><\/span><\/p>\n<p><!--more--><\/p>\n<p><a href=\"https:\/\/diariodelujan.com\/xdeporte\/lujan-cayo-ante-el-charrua\/\" target=\"_blank\" rel=\"noopener\">Tras la derrota ante Central C\u00f3rdoba<\/a>, <a href=\"https:\/\/www.facebook.com\/www.clublujan.com.ar\" target=\"_blank\" rel=\"noopener\">Luj\u00e1n<\/a> empat\u00f3 con <em>el Portuario<\/em> 0 a 0 y qued\u00f3 a 6 puntos del l\u00edder de la tabla, Real Pilar, quien todav\u00eda no jug\u00f3 su compromiso para esta fecha.<\/p>\n<p>El primer tiempo fue parejo entre ambos equipos, que tuvieron algunas oportunidades de romper la igualdad, pero fallaron en la definici\u00f3n.<\/p>\n<p>Cerca del final de la primera parte, Alejandro Aquino se gan\u00f3 la segunda amarilla y dej\u00f3 a Puerto Nuevo con 10 jugadores.<\/p>\n<h4><strong>A pesar de la ventaja num\u00e9rica, Luj\u00e1n empat\u00f3 con el Portuario<\/strong><\/h4>\n<p>En condici\u00f3n de visitante y con un hombre menos, <em>el Portuario<\/em> se aboc\u00f3 a defender el punto del empate. Mientras que <em>el Lujanero,<\/em> a pesar de dominar la cancha, se repiti\u00f3 en innumerables centros que la delantera no pudo aprovechar para quedarse con los 3 tantos.<\/p>\n<p>A pocos minutos del final, la visita se la jug\u00f3 con contragolpes que casi dejan con las manos vac\u00edas al due\u00f1o de casa, quien se tuvo que conformar con sumar 1 punto de los \u00faltimos 6.<\/p>\n<p>La pr\u00f3xima fecha, Luj\u00e1n tendr\u00e1 el compromiso de visitar a Lugano, que intenta despegarse del fondo de la tabla.<\/p>\n","protected":false},"excerpt":{"rendered":"<p>Este domingo, Luj\u00e1n empat\u00f3 con el Portuario en el estadio 1\u00b0 de Abril y se aleja de los primeros puestos de la tabla.<\/p>\n","protected":false},"author":3,"featured_media":14660,"comment_status":"closed","ping_status":"closed","sticky":false,"template":"","format":"standard","meta":{"tdm_status":"","tdm_grid_status":"","footnotes":""},"categories":[2,8],"tags":[173,117,184,130,333],"class_list":{"0":"post-14659","1":"post","2":"type-post","3":"status-publish","4":"format-standard","5":"has-post-thumbnail","7":"category-featured","8":"category-futbol","9":"tag-futbol","10":"tag-lujan","11":"tag-lujanero","12":"tag-primera-c","13":"tag-puerto-nuevo"},"_links":{"self":[{"href":"https:\/\/diariodelujan.com\/xdeporte\/wp-json\/wp\/v2\/posts\/14659","targetHints":{"allow":["GET"]}}],"collection":[{"href":"https:\/\/diariodelujan.com\/xdeporte\/wp-json\/wp\/v2\/posts"}],"about":[{"href":"https:\/\/diariodelujan.com\/xdeporte\/wp-json\/wp\/v2\/types\/post"}],"author":[{"embeddable":true,"href":"https:\/\/diariodelujan.com\/xdeporte\/wp-json\/wp\/v2\/users\/3"}],"replies":[{"embeddable":true,"href":"https:\/\/diariodelujan.com\/xdeporte\/wp-json\/wp\/v2\/comments?post=14659"}],"version-history":[{"count":2,"href":"https:\/\/diariodelujan.com\/xdeporte\/wp-json\/wp\/v2\/posts\/14659\/revisions"}],"predecessor-version":[{"id":14662,"href":"https:\/\/diariodelujan.com\/xdeporte\/wp-json\/wp\/v2\/posts\/14659\/revisions\/14662"}],"wp:featuredmedia":[{"embeddable":true,"href":"https:\/\/diariodelujan.com\/xdeporte\/wp-json\/wp\/v2\/media\/14660"}],"wp:attachment":[{"href":"https:\/\/diariodelujan.com\/xdeporte\/wp-json\/wp\/v2\/media?parent=14659"}],"wp:term":[{"taxonomy":"category","embeddable":true,"href":"https:\/\/diariodelujan.com\/xdeporte\/wp-json\/wp\/v2\/categories?post=14659"},{"taxonomy":"post_tag","embeddable":true,"href":"https:\/\/diariodelujan.com\/xdeporte\/wp-json\/wp\/v2\/tags?post=14659"}],"curies":[{"name":"wp","href":"https:\/\/api.w.org\/{rel}","templated":true}]}}