{"id":14664,"date":"2024-09-16T00:06:04","date_gmt":"2024-09-16T03:06:04","guid":{"rendered":"https:\/\/diariodelujan.com\/xdeporte\/?p=14664"},"modified":"2024-09-16T00:06:04","modified_gmt":"2024-09-16T03:06:04","slug":"argentino-y-flandria-fecha-14","status":"publish","type":"post","link":"https:\/\/diariodelujan.com\/xdeporte\/argentino-y-flandria-fecha-14\/","title":{"rendered":"Argentino y Flandria cierran la fecha 14 de la Primera B"},"content":{"rendered":"<p><span style=\"font-family: georgia, palatino, serif; font-size: 14pt;\"><em>Este lunes, a partir de las 15 hs, Argentino y Flandria disputar\u00e1n uno de los \u00faltimos cruces de la fecha 14 del Clausura de la Primera B Metropolitana.<\/em><\/span><\/p>\n<p><!--more--><\/p>\n<p>En el marco de la fecha 14, Argentino y <a href=\"https:\/\/www.facebook.com\/ClubsydFlandria\" target=\"_blank\" rel=\"noopener\">Flandria<\/a> se enfrentar\u00e1n en la Barranca Quilme\u00f1a a partir de las 15 hs. <a href=\"https:\/\/diariodelujan.com\/xdeporte\/flandria-gano-fecha-13\/\" target=\"_blank\" rel=\"noopener\">El conjunto de J\u00e1uregui derrot\u00f3 a F\u00e9nix en la fecha pasada<\/a> y se meti\u00f3 en el reducido.<\/p>\n<p>El Canario super\u00f3 a F\u00e9nix por la m\u00ednima diferencia y se posicion\u00f3 doceavo en el Clausura con 18 puntos. Adem\u00e1s, con ese triunfo, se meti\u00f3 en la zona de reducido por un puesto en el ascenso.<\/p>\n<p>Por otro lado, Argentino de Quilmes empat\u00f3 con Villa San Carlos 0-0 y llega a este encuentro con un invicto de 8 partidos sin conocer la derrota.<\/p>\n","protected":false},"excerpt":{"rendered":"<p>Este lunes, a partir de las 15 hs, Argentino y Flandria disputar\u00e1n uno de los \u00faltimos cruces de la fecha 14 del Clausura de la Primera B Metropolitana.<\/p>\n","protected":false},"author":3,"featured_media":14666,"comment_status":"closed","ping_status":"closed","sticky":false,"template":"","format":"standard","meta":{"tdm_status":"","tdm_grid_status":"","footnotes":""},"categories":[2,8],"tags":[334,171,172,173,200],"class_list":{"0":"post-14664","1":"post","2":"type-post","3":"status-publish","4":"format-standard","5":"has-post-thumbnail","7":"category-featured","8":"category-futbol","9":"tag-argentino-quilmes","10":"tag-canario","11":"tag-flandria","12":"tag-futbol","13":"tag-primera-b-metro"},"_links":{"self":[{"href":"https:\/\/diariodelujan.com\/xdeporte\/wp-json\/wp\/v2\/posts\/14664","targetHints":{"allow":["GET"]}}],"collection":[{"href":"https:\/\/diariodelujan.com\/xdeporte\/wp-json\/wp\/v2\/posts"}],"about":[{"href":"https:\/\/diariodelujan.com\/xdeporte\/wp-json\/wp\/v2\/types\/post"}],"author":[{"embeddable":true,"href":"https:\/\/diariodelujan.com\/xdeporte\/wp-json\/wp\/v2\/users\/3"}],"replies":[{"embeddable":true,"href":"https:\/\/diariodelujan.com\/xdeporte\/wp-json\/wp\/v2\/comments?post=14664"}],"version-history":[{"count":1,"href":"https:\/\/diariodelujan.com\/xdeporte\/wp-json\/wp\/v2\/posts\/14664\/revisions"}],"predecessor-version":[{"id":14667,"href":"https:\/\/diariodelujan.com\/xdeporte\/wp-json\/wp\/v2\/posts\/14664\/revisions\/14667"}],"wp:featuredmedia":[{"embeddable":true,"href":"https:\/\/diariodelujan.com\/xdeporte\/wp-json\/wp\/v2\/media\/14666"}],"wp:attachment":[{"href":"https:\/\/diariodelujan.com\/xdeporte\/wp-json\/wp\/v2\/media?parent=14664"}],"wp:term":[{"taxonomy":"category","embeddable":true,"href":"https:\/\/diariodelujan.com\/xdeporte\/wp-json\/wp\/v2\/categories?post=14664"},{"taxonomy":"post_tag","embeddable":true,"href":"https:\/\/diariodelujan.com\/xdeporte\/wp-json\/wp\/v2\/tags?post=14664"}],"curies":[{"name":"wp","href":"https:\/\/api.w.org\/{rel}","templated":true}]}}