{"id":14668,"date":"2024-09-16T20:29:07","date_gmt":"2024-09-16T23:29:07","guid":{"rendered":"https:\/\/diariodelujan.com\/xdeporte\/?p=14668"},"modified":"2024-09-16T20:29:07","modified_gmt":"2024-09-16T23:29:07","slug":"el-canario-perdio-fecha-14","status":"publish","type":"post","link":"https:\/\/diariodelujan.com\/xdeporte\/el-canario-perdio-fecha-14\/","title":{"rendered":"El Canario perdi\u00f3 pero se mantiene en el reducido"},"content":{"rendered":"<p><span style=\"font-family: georgia, palatino, serif; font-size: 14pt;\"><em>En su cruce ante Argentino de Quilmes, el Canario perdi\u00f3 2 a 1 y la valla invicta que mantuvo por cinco partidos, pero a\u00fan as\u00ed, permanece en la zona de reducido.<\/em><\/span><\/p>\n<p><!--more--><\/p>\n<p>En el marco de la fecha 14, <a href=\"https:\/\/www.facebook.com\/ClubsydFlandria\" target=\"_blank\" rel=\"noopener\"><em>el Canario<\/em><\/a> perdi\u00f3 en la Barranca Quilme\u00f1a contra Argentino de Quilmes, tras haber <a href=\"https:\/\/diariodelujan.com\/xdeporte\/flandria-gano-fecha-13\/\" target=\"_blank\" rel=\"noopener\">derrotado a F\u00e9nix<\/a> en la fecha pasada, pero mantuvo su posici\u00f3n en la zona de reducido.<\/p>\n<p>El primer tiempo fue parejo, pero el due\u00f1o de casa tuvo la primera chance clara. Un disparo de Stringa desde afuera del \u00e1rea que fue rechazado por D\u00edaz y otro de Leandro Gonz\u00e1lez de tiro libre, que casi pone en ventaja al local, pero el travesa\u00f1o le dijo que no y salvo al <em>Canario.<\/em><\/p>\n<p>A los 25 minutos, Argentino iba a tener el primero. En un descuido de Flandria, dos atacantes del local quedaron bien posicionados para un contra y llegaron al \u00e1rea del conjunto visitante casi sin resistencia. Franco Canever lleg\u00f3 a interrumpir la jugada, pero accidentalmente empuj\u00f3 la pelota y convirti\u00f3 el tanto en contra.<\/p>\n<p><img loading=\"lazy\" decoding=\"async\" class=\"aligncenter wp-image-16330\" src=\"https:\/\/www.diariodelujan.com\/wp-content\/uploads\/2024\/09\/arg-q-flandria-1-2024.webp\" alt=\"El Canario perdi\u00f3 pero se mantiene en el reducido\" width=\"650\" height=\"433\" title=\"\"><\/p>\n<p>En el segundo tiempo, Flandria lleg\u00f3 al empate con un golazo de Z\u00e1rate de cabeza, asistido por un buen centro de Cuenca.<\/p>\n<p>Argentino supo reaccionar ante el empate y a los pocos minutos, en una jugada similar a la del gol visitante, se puso nuevamente en ventaja, con tanto de Juan Vivas.<\/p>\n<h4><strong>A pesar del golazo del empate, el Canario perdi\u00f3 ante uno de los candidatos del torneo<\/strong><\/h4>\n<p>Tras este resultado, Flandria buscar\u00e1 los tres puntos cuando reciba a Deportivo Armenio en el Carlos V, en la fecha 15.<\/p>\n","protected":false},"excerpt":{"rendered":"<p>En su cruce ante Argentino de Quilmes, el Canario perdi\u00f3 2 a 1 y la valla invicta que mantuvo por cinco partidos, pero a\u00fan as\u00ed, permanece en la zona de reducido.<\/p>\n","protected":false},"author":3,"featured_media":14672,"comment_status":"closed","ping_status":"closed","sticky":false,"template":"","format":"standard","meta":{"tdm_status":"","tdm_grid_status":"","footnotes":""},"categories":[2,8],"tags":[334,171,172,173,198],"class_list":{"0":"post-14668","1":"post","2":"type-post","3":"status-publish","4":"format-standard","5":"has-post-thumbnail","7":"category-featured","8":"category-futbol","9":"tag-argentino-quilmes","10":"tag-canario","11":"tag-flandria","12":"tag-futbol","13":"tag-primera-b"},"_links":{"self":[{"href":"https:\/\/diariodelujan.com\/xdeporte\/wp-json\/wp\/v2\/posts\/14668","targetHints":{"allow":["GET"]}}],"collection":[{"href":"https:\/\/diariodelujan.com\/xdeporte\/wp-json\/wp\/v2\/posts"}],"about":[{"href":"https:\/\/diariodelujan.com\/xdeporte\/wp-json\/wp\/v2\/types\/post"}],"author":[{"embeddable":true,"href":"https:\/\/diariodelujan.com\/xdeporte\/wp-json\/wp\/v2\/users\/3"}],"replies":[{"embeddable":true,"href":"https:\/\/diariodelujan.com\/xdeporte\/wp-json\/wp\/v2\/comments?post=14668"}],"version-history":[{"count":2,"href":"https:\/\/diariodelujan.com\/xdeporte\/wp-json\/wp\/v2\/posts\/14668\/revisions"}],"predecessor-version":[{"id":14670,"href":"https:\/\/diariodelujan.com\/xdeporte\/wp-json\/wp\/v2\/posts\/14668\/revisions\/14670"}],"wp:featuredmedia":[{"embeddable":true,"href":"https:\/\/diariodelujan.com\/xdeporte\/wp-json\/wp\/v2\/media\/14672"}],"wp:attachment":[{"href":"https:\/\/diariodelujan.com\/xdeporte\/wp-json\/wp\/v2\/media?parent=14668"}],"wp:term":[{"taxonomy":"category","embeddable":true,"href":"https:\/\/diariodelujan.com\/xdeporte\/wp-json\/wp\/v2\/categories?post=14668"},{"taxonomy":"post_tag","embeddable":true,"href":"https:\/\/diariodelujan.com\/xdeporte\/wp-json\/wp\/v2\/tags?post=14668"}],"curies":[{"name":"wp","href":"https:\/\/api.w.org\/{rel}","templated":true}]}}