{"id":14684,"date":"2024-09-28T19:01:50","date_gmt":"2024-09-28T22:01:50","guid":{"rendered":"https:\/\/diariodelujan.com\/xdeporte\/?p=14684"},"modified":"2024-09-28T19:01:50","modified_gmt":"2024-09-28T22:01:50","slug":"lujan-vencio-en-tapiales","status":"publish","type":"post","link":"https:\/\/diariodelujan.com\/xdeporte\/lujan-vencio-en-tapiales\/","title":{"rendered":"Luj\u00e1n venci\u00f3 en Tapiales y se qued\u00f3 con tres puntos clave"},"content":{"rendered":"<p><span style=\"font-family: georgia, palatino, serif; font-size: 14pt;\"><em>En la tarde del s\u00e1bado, Luj\u00e1n venci\u00f3 en Tapiales a Lugano por 3 a 1 y se qued\u00f3 con tres puntos clave. La pr\u00f3xima semana recibir\u00e1 a Juventud Unida en el 1\u00b0 de Abril.<\/em><\/span><\/p>\n<p><!--more--><\/p>\n<p>En la fecha 13, <a href=\"https:\/\/diariodelujan.com\/xdeporte\/lujan-empato-con-el-portuario\/\" target=\"_blank\" rel=\"noopener\"><em>el Lujanero<\/em> empat\u00f3 con el Portuario 0 a 0<\/a> y dej\u00f3 escapar una buena chance para escalar en la tabla. Ahora, por el duelo correspondiente a la fecha 14, <a href=\"https:\/\/www.facebook.com\/www.clublujan.com.ar\" target=\"_blank\" rel=\"noopener\">Luj\u00e1n<\/a> venci\u00f3 en Tapiales al Naranja y se mantiene en la pelea por el ascenso.<\/p>\n<p>El primer tanto del partido lleg\u00f3 temprano. <em>El Lujanero,<\/em> a trav\u00e9s de Pedro Alfonso, se puso en ventaja en el marcador.<\/p>\n<p>Como respuesta, Lugano tuvo su chance en el arco de Luj\u00e1n, pero Vali\u00f1as respondi\u00f3 bien y salv\u00f3 al <em>Lujanero<\/em> del empate.<\/p>\n<p>M\u00e1s tarde, Thiago Riffa convirti\u00f3 el segundo para la visita con un remate de media distancia. Con este resultado, <em>el Naranja<\/em> y <em>el Lujanero<\/em> se fueron al entretiempo.<\/p>\n<p>En el segundo tiempo, parec\u00eda que Lugano iba a lograr descontar, pero Maximiliano Ant\u00fanez anot\u00f3 el tercero para los de la Bas\u00edlica.<\/p>\n<p>A poco del final, Nicol\u00e1s Alonso convirti\u00f3 el descuento para el local, pero el ganador ya estaba decido y Luj\u00e1n sum\u00f3 tres m\u00e1s para la pelea por el t\u00edtulo.<\/p>\n<h4><strong>Luj\u00e1n venci\u00f3 en Tapiales y ahora recibe a Juventud Unida<\/strong><\/h4>\n<p>La pr\u00f3xima semana, los dirigidos por Garate recibir\u00e1n en casa a Juventud Unida, por la fecha 15 del Clausura.<\/p>\n","protected":false},"excerpt":{"rendered":"<p>En la tarde del s\u00e1bado, Luj\u00e1n venci\u00f3 en Tapiales a Lugano por 3 a 1 y se qued\u00f3 con tres puntos clave. La pr\u00f3xima semana recibir\u00e1 a Juventud Unida en el 1\u00b0 de Abril.<\/p>\n","protected":false},"author":4,"featured_media":14685,"comment_status":"closed","ping_status":"closed","sticky":false,"template":"","format":"standard","meta":{"tdm_status":"","tdm_grid_status":"","footnotes":""},"categories":[2,8],"tags":[173,117],"class_list":{"0":"post-14684","1":"post","2":"type-post","3":"status-publish","4":"format-standard","5":"has-post-thumbnail","7":"category-featured","8":"category-futbol","9":"tag-futbol","10":"tag-lujan"},"_links":{"self":[{"href":"https:\/\/diariodelujan.com\/xdeporte\/wp-json\/wp\/v2\/posts\/14684","targetHints":{"allow":["GET"]}}],"collection":[{"href":"https:\/\/diariodelujan.com\/xdeporte\/wp-json\/wp\/v2\/posts"}],"about":[{"href":"https:\/\/diariodelujan.com\/xdeporte\/wp-json\/wp\/v2\/types\/post"}],"author":[{"embeddable":true,"href":"https:\/\/diariodelujan.com\/xdeporte\/wp-json\/wp\/v2\/users\/4"}],"replies":[{"embeddable":true,"href":"https:\/\/diariodelujan.com\/xdeporte\/wp-json\/wp\/v2\/comments?post=14684"}],"version-history":[{"count":2,"href":"https:\/\/diariodelujan.com\/xdeporte\/wp-json\/wp\/v2\/posts\/14684\/revisions"}],"predecessor-version":[{"id":14687,"href":"https:\/\/diariodelujan.com\/xdeporte\/wp-json\/wp\/v2\/posts\/14684\/revisions\/14687"}],"wp:featuredmedia":[{"embeddable":true,"href":"https:\/\/diariodelujan.com\/xdeporte\/wp-json\/wp\/v2\/media\/14685"}],"wp:attachment":[{"href":"https:\/\/diariodelujan.com\/xdeporte\/wp-json\/wp\/v2\/media?parent=14684"}],"wp:term":[{"taxonomy":"category","embeddable":true,"href":"https:\/\/diariodelujan.com\/xdeporte\/wp-json\/wp\/v2\/categories?post=14684"},{"taxonomy":"post_tag","embeddable":true,"href":"https:\/\/diariodelujan.com\/xdeporte\/wp-json\/wp\/v2\/tags?post=14684"}],"curies":[{"name":"wp","href":"https:\/\/api.w.org\/{rel}","templated":true}]}}