{"id":14692,"date":"2024-09-21T19:08:52","date_gmt":"2024-09-21T22:08:52","guid":{"rendered":"https:\/\/diariodelujan.com\/xdeporte\/?p=14692"},"modified":"2024-09-28T20:14:12","modified_gmt":"2024-09-28T23:14:12","slug":"el-canario-obligado-a-ganar","status":"publish","type":"post","link":"https:\/\/diariodelujan.com\/xdeporte\/el-canario-obligado-a-ganar\/","title":{"rendered":"El Canario obligado a ganar para entrar en la zona de reducido"},"content":{"rendered":"<p><span style=\"font-family: georgia, palatino, serif; font-size: 14pt;\"><em>Este domingo, el Canario recibir\u00e1 a Deportivo Armenio en el Carlos V, por el duelo correspondiente a la fecha 15 del Clausura de la Primera B.<\/em><\/span><\/p>\n<p><!--more--><\/p>\n<p>En el marco de la fecha 15, <a href=\"https:\/\/www.facebook.com\/ClubsydFlandria\" target=\"_blank\" rel=\"noopener\"><em>el Canario<\/em><\/a> recibe a Armenio a partir de las 15 hs. En la fecha pasada, <a href=\"https:\/\/diariodelujan.com\/xdeporte\/el-canario-perdio-fecha-14\/\" target=\"_blank\" rel=\"noopener\">Flandria cay\u00f3 derrotado ante Argentino de Quilmes<\/a>.<\/p>\n<h4><strong>El Canario necesita un triunfo para volver a la zona de reducido<\/strong><\/h4>\n<p>Con la necesidad de sumar de a tres y volver a meterse en la zona de reducido, el conjunto de J\u00e1uregui ser\u00e1 anfitri\u00f3n ante <em>el Tricolor.<\/em><\/p>\n<p>Armenio viene de perder ante Villa San Carlos y ahora buscar\u00e1 recuperarse ante los dirigidos por Davio, para no perderle el paso al l\u00edder de la tabla.<\/p>\n","protected":false},"excerpt":{"rendered":"<p>Este domingo, el Canario recibir\u00e1 a Deportivo Armenio en el Carlos V, por el duelo correspondiente a la fecha 15 del Clausura de la Primera B.<\/p>\n","protected":false},"author":4,"featured_media":14693,"comment_status":"closed","ping_status":"closed","sticky":false,"template":"","format":"standard","meta":{"tdm_status":"","tdm_grid_status":"","footnotes":""},"categories":[8],"tags":[173,198],"class_list":{"0":"post-14692","1":"post","2":"type-post","3":"status-publish","4":"format-standard","5":"has-post-thumbnail","7":"category-futbol","8":"tag-futbol","9":"tag-primera-b"},"_links":{"self":[{"href":"https:\/\/diariodelujan.com\/xdeporte\/wp-json\/wp\/v2\/posts\/14692","targetHints":{"allow":["GET"]}}],"collection":[{"href":"https:\/\/diariodelujan.com\/xdeporte\/wp-json\/wp\/v2\/posts"}],"about":[{"href":"https:\/\/diariodelujan.com\/xdeporte\/wp-json\/wp\/v2\/types\/post"}],"author":[{"embeddable":true,"href":"https:\/\/diariodelujan.com\/xdeporte\/wp-json\/wp\/v2\/users\/4"}],"replies":[{"embeddable":true,"href":"https:\/\/diariodelujan.com\/xdeporte\/wp-json\/wp\/v2\/comments?post=14692"}],"version-history":[{"count":1,"href":"https:\/\/diariodelujan.com\/xdeporte\/wp-json\/wp\/v2\/posts\/14692\/revisions"}],"predecessor-version":[{"id":14694,"href":"https:\/\/diariodelujan.com\/xdeporte\/wp-json\/wp\/v2\/posts\/14692\/revisions\/14694"}],"wp:featuredmedia":[{"embeddable":true,"href":"https:\/\/diariodelujan.com\/xdeporte\/wp-json\/wp\/v2\/media\/14693"}],"wp:attachment":[{"href":"https:\/\/diariodelujan.com\/xdeporte\/wp-json\/wp\/v2\/media?parent=14692"}],"wp:term":[{"taxonomy":"category","embeddable":true,"href":"https:\/\/diariodelujan.com\/xdeporte\/wp-json\/wp\/v2\/categories?post=14692"},{"taxonomy":"post_tag","embeddable":true,"href":"https:\/\/diariodelujan.com\/xdeporte\/wp-json\/wp\/v2\/tags?post=14692"}],"curies":[{"name":"wp","href":"https:\/\/api.w.org\/{rel}","templated":true}]}}