{"id":14699,"date":"2024-09-22T19:16:12","date_gmt":"2024-09-22T22:16:12","guid":{"rendered":"https:\/\/diariodelujan.com\/xdeporte\/?p=14699"},"modified":"2024-09-28T20:13:43","modified_gmt":"2024-09-28T23:13:43","slug":"flandria-cayo-en-casa-contra-deportivo-armenio","status":"publish","type":"post","link":"https:\/\/diariodelujan.com\/xdeporte\/flandria-cayo-en-casa-contra-deportivo-armenio\/","title":{"rendered":"Flandria cay\u00f3 en casa contra Deportivo Armenio"},"content":{"rendered":"<p><span style=\"font-family: georgia, palatino, serif; font-size: 14pt;\"><em>Este domingo, Flandria cay\u00f3 en casa ante Armenio por 2 a 0. El elenco de J\u00e1uregui se perdi\u00f3 la chance de volver a entrar a la zona de reducido.<\/em><\/span><\/p>\n<p><!--more--><\/p>\n<p>En el partido de la fecha pasada, <a href=\"https:\/\/diariodelujan.com\/xdeporte\/el-canario-perdio-fecha-14\/\" target=\"_blank\" rel=\"noopener\"><em>el Canario<\/em> perdi\u00f3 contra Argentino de Quilmes por 2 a 1<\/a>. Ahora, por el cruce correspondiente a la fecha 15 del Clausura, <a href=\"https:\/\/www.facebook.com\/ClubsydFlandria\" target=\"_blank\" rel=\"noopener\">Flandria<\/a> cay\u00f3 en casa ante Deportivo Armenio y qued\u00f3 afuera de la zona de reducido en la tabla general.<\/p>\n<p>Desde el arranque del partido, <em>el Tricolor<\/em> avis\u00f3 con una jugada de Scarnato que casi abre el marcador, pero se fue desviado por encima del travesa\u00f1o. Sin embargo, en su siguiente intento, Scarnato no perdon\u00f3 al Canario y puso a la visita en ventaja.<\/p>\n<p>Cuando Flandria todav\u00eda estaba golpeado por el gol tempranero, Juan Barbieri, ex-Flandria, recibi\u00f3 la pelota solo en el \u00e1rea canaria y se encarg\u00f3 de aumentar la diferencia en el marcador.<\/p>\n<p>En tan solo 10 minutos, el due\u00f1o de casa ya iba 2-0 abajo. Y a pesar de intentar descontar, los dirigidos por Davio no lograron lastimar a Armenio por el resto de los 35 minutos.<\/p>\n<p>En el complemento el Canario no pudo dar vuelta el resultado y por poco no recibe otro tanto en su contra. El conjunto local jam\u00e1s logr\u00f3 recuperarse del doble golpe del primer tiempo y sufri\u00f3 una dura derrota ante un candidato al t\u00edtulo.<\/p>\n<h4><strong>Flandria cay\u00f3 en casa y ahora deber\u00e1 pensar en Comunicaciones<\/strong><\/h4>\n<p>En la siguiente jornada, los de J\u00e1uregui visitar\u00e1n a Comunicaciones, en el Alfredo Ramos.<\/p>\n","protected":false},"excerpt":{"rendered":"<p>Este domingo, Flandria cay\u00f3 en casa ante Armenio por 2 a 0. El elenco de J\u00e1uregui se perdi\u00f3 la chance de volver a entrar a la zona de reducido.<\/p>\n","protected":false},"author":4,"featured_media":14700,"comment_status":"closed","ping_status":"closed","sticky":false,"template":"","format":"standard","meta":{"tdm_status":"","tdm_grid_status":"","footnotes":""},"categories":[8,2],"tags":[336],"class_list":{"0":"post-14699","1":"post","2":"type-post","3":"status-publish","4":"format-standard","5":"has-post-thumbnail","7":"category-futbol","8":"category-featured","9":"tag-flandria-cayo-en-casa"},"_links":{"self":[{"href":"https:\/\/diariodelujan.com\/xdeporte\/wp-json\/wp\/v2\/posts\/14699","targetHints":{"allow":["GET"]}}],"collection":[{"href":"https:\/\/diariodelujan.com\/xdeporte\/wp-json\/wp\/v2\/posts"}],"about":[{"href":"https:\/\/diariodelujan.com\/xdeporte\/wp-json\/wp\/v2\/types\/post"}],"author":[{"embeddable":true,"href":"https:\/\/diariodelujan.com\/xdeporte\/wp-json\/wp\/v2\/users\/4"}],"replies":[{"embeddable":true,"href":"https:\/\/diariodelujan.com\/xdeporte\/wp-json\/wp\/v2\/comments?post=14699"}],"version-history":[{"count":1,"href":"https:\/\/diariodelujan.com\/xdeporte\/wp-json\/wp\/v2\/posts\/14699\/revisions"}],"predecessor-version":[{"id":14701,"href":"https:\/\/diariodelujan.com\/xdeporte\/wp-json\/wp\/v2\/posts\/14699\/revisions\/14701"}],"wp:featuredmedia":[{"embeddable":true,"href":"https:\/\/diariodelujan.com\/xdeporte\/wp-json\/wp\/v2\/media\/14700"}],"wp:attachment":[{"href":"https:\/\/diariodelujan.com\/xdeporte\/wp-json\/wp\/v2\/media?parent=14699"}],"wp:term":[{"taxonomy":"category","embeddable":true,"href":"https:\/\/diariodelujan.com\/xdeporte\/wp-json\/wp\/v2\/categories?post=14699"},{"taxonomy":"post_tag","embeddable":true,"href":"https:\/\/diariodelujan.com\/xdeporte\/wp-json\/wp\/v2\/tags?post=14699"}],"curies":[{"name":"wp","href":"https:\/\/api.w.org\/{rel}","templated":true}]}}