{"id":14706,"date":"2024-09-27T19:23:01","date_gmt":"2024-09-27T22:23:01","guid":{"rendered":"https:\/\/diariodelujan.com\/xdeporte\/?p=14706"},"modified":"2024-09-28T20:14:55","modified_gmt":"2024-09-28T23:14:55","slug":"lujan-rc-recibe-a-mercedes-rugby","status":"publish","type":"post","link":"https:\/\/diariodelujan.com\/xdeporte\/lujan-rc-recibe-a-mercedes-rugby\/","title":{"rendered":"Luj\u00e1n RC recibe a Mercedes en otro cl\u00e1sico del rugby"},"content":{"rendered":"<p><span style=\"font-family: georgia, palatino, serif; font-size: 14pt;\"><em>Este s\u00e1bado, el representativo del rugby lujanense recibe a su par Mercedes Rugby en el predio de La Loma en otra fecha de la Primera C de la URBA.<\/em><\/span><!--more--><\/p>\n<p>En el marco de la fecha 23 del torneo Primera C de <strong>URBA<\/strong> llega mercedes al anexo y los de Petoello los esperan con una jornada especial.<\/p>\n<p><a href=\"https:\/\/www.diariodelujan.com\/wp-content\/uploads\/2024\/09\/rurgby-primera.webp\"><img loading=\"lazy\" decoding=\"async\" class=\"alignnone size-full wp-image-16818\" src=\"https:\/\/www.diariodelujan.com\/wp-content\/uploads\/2024\/09\/rurgby-primera.webp\" alt=\"Rugby de primera\" width=\"900\" height=\"818\" title=\"\"><\/a><\/p>\n<p>El equipo Azul, Celeste y Blanco llega a este encuentro tras un triunfo sobre Retiro por 52 a 34 con punto bonus que lo ubic\u00f3 en un segundo puesto en la tabla.<\/p>\n<h3><strong>Tarde de cl\u00e1sico en el rugby lujanense<\/strong><\/h3>\n<p>Antes del partido de primera se realizar\u00e1n los encuentros de las dem\u00e1s categor\u00edas.<\/p>\n<ul>\n<li>\n<ul>\n<li>10:00hs | Encuentro de @lrcinfantiles con @mercedesrugbyclub y @dorregorugby<\/li>\n<li>12:00hs | Pre Intermedia A | LRC vs Mercedes<\/li>\n<li>13:45hs | Intermedia | LRC vs Mercedes<\/li>\n<\/ul>\n<\/li>\n<\/ul>\n<p>Adem\u00e1s, aprovechando el lindo s\u00e1bado que tendremos en La Loma se volver\u00e1 a llevar adelante una iniciativa que naci\u00f3 hace muchos a\u00f1os en nuestra instituci\u00f3n y que, gracias a la gran aceptaci\u00f3n que tuvo en el resto de los clubes, lleg\u00f3 incluso a hacerse presente en un partido de Los Pumas.<\/p>\n<p><a href=\"https:\/\/www.diariodelujan.com\/wp-content\/uploads\/2024\/09\/individual.webp\"><img loading=\"lazy\" decoding=\"async\" class=\"alignnone size-full wp-image-16819\" src=\"https:\/\/www.diariodelujan.com\/wp-content\/uploads\/2024\/09\/individual.webp\" alt=\"Rugby de primera\" width=\"900\" height=\"634\" title=\"\"><\/a><\/p>\n<p>Por iniciativa de los Veteranos y con el apoyo de la Comisi\u00f3n Directiva de LRC, este s\u00e1bado la campa\u00f1a volver\u00e1 a estar visible en individuales que se colocar\u00e1n en el almuerzo de camarader\u00eda.<\/p>\n<p>El dise\u00f1o del individual tiene el escudo de Luj\u00e1n Rugby Club, el escudo de Mercedes, la fecha del encuentro, un dibujo de Nano Salas haciendo referencia al capit\u00e1n de LRC y el mensaje que se busca hacer llegar a todos los que asistan a este partido: <strong>&#8220;\ud835\ude0c\ud835\ude2d \ud835\ude33\ud835\ude36\ud835\ude28\ud835\ude23\ud835\ude3a \ud835\ude26\ud835\ude34 \ud835\ude26\ud835\ude2d \ud835\ude2b\ud835\ude36\ud835\ude26\ud835\ude28\ud835\ude30 \ud835\ude25\ud835\ude26\ud835\ude2d \ud835\ude33\ud835\ude26\ud835\ude34\ud835\ude31\ud835\ude26\ud835\ude35\ud835\ude30. \ud835\ude13\ud835\ude30\ud835\ude34 \ud835\ude27\ud835\ude22\ud835\ude2d\ud835\ude2d\ud835\ude30\ud835\ude34 \ud835\ude25\ud835\ude26\ud835\ude2d \ud835\ude22\ud835\ude33\ud835\ude23\ud835\ude2a\ud835\ude35\ud835\ude33\ud835\ude30 \ud835\ude2f\ud835\ude30 \ud835\ude34\ud835\ude26 \ud835\ude25\ud835\ude2a\ud835\ude34\ud835\ude24\ud835\ude36\ud835\ude35\ud835\ude26\ud835\ude2f&#8221;<\/strong>.<\/p>\n<p><a href=\"https:\/\/www.diariodelujan.com\/wp-content\/uploads\/2024\/09\/individuales.webp\"><img loading=\"lazy\" decoding=\"async\" class=\"alignnone size-full wp-image-16820\" src=\"https:\/\/www.diariodelujan.com\/wp-content\/uploads\/2024\/09\/individuales.webp\" alt=\"Rugby de primera\" width=\"900\" height=\"1047\" title=\"\"><\/a><\/p>\n<p>Desde la instituci\u00f3n hacen hincapi\u00e9 en el respeto y la buena conducta que debemos tener todos los que estemos en los alrededores de la cancha, disfrutando del juego y apoyando a los protagonistas.<\/p>\n","protected":false},"excerpt":{"rendered":"<p>Este s\u00e1bado, el representativo del rugby lujanense recibe a su par Mercedes Rugby en el predio de La Loma en otra fecha de la Primera C de la URBA.<\/p>\n","protected":false},"author":4,"featured_media":14709,"comment_status":"closed","ping_status":"closed","sticky":false,"template":"","format":"standard","meta":{"tdm_status":"","tdm_grid_status":"","footnotes":""},"categories":[1],"tags":[114,140,339],"class_list":{"0":"post-14706","1":"post","2":"type-post","3":"status-publish","4":"format-standard","5":"has-post-thumbnail","7":"category-rugby","8":"tag-lrc","9":"tag-mercedes","10":"tag-otro-clasico-del-rugby"},"_links":{"self":[{"href":"https:\/\/diariodelujan.com\/xdeporte\/wp-json\/wp\/v2\/posts\/14706","targetHints":{"allow":["GET"]}}],"collection":[{"href":"https:\/\/diariodelujan.com\/xdeporte\/wp-json\/wp\/v2\/posts"}],"about":[{"href":"https:\/\/diariodelujan.com\/xdeporte\/wp-json\/wp\/v2\/types\/post"}],"author":[{"embeddable":true,"href":"https:\/\/diariodelujan.com\/xdeporte\/wp-json\/wp\/v2\/users\/4"}],"replies":[{"embeddable":true,"href":"https:\/\/diariodelujan.com\/xdeporte\/wp-json\/wp\/v2\/comments?post=14706"}],"version-history":[{"count":2,"href":"https:\/\/diariodelujan.com\/xdeporte\/wp-json\/wp\/v2\/posts\/14706\/revisions"}],"predecessor-version":[{"id":14708,"href":"https:\/\/diariodelujan.com\/xdeporte\/wp-json\/wp\/v2\/posts\/14706\/revisions\/14708"}],"wp:featuredmedia":[{"embeddable":true,"href":"https:\/\/diariodelujan.com\/xdeporte\/wp-json\/wp\/v2\/media\/14709"}],"wp:attachment":[{"href":"https:\/\/diariodelujan.com\/xdeporte\/wp-json\/wp\/v2\/media?parent=14706"}],"wp:term":[{"taxonomy":"category","embeddable":true,"href":"https:\/\/diariodelujan.com\/xdeporte\/wp-json\/wp\/v2\/categories?post=14706"},{"taxonomy":"post_tag","embeddable":true,"href":"https:\/\/diariodelujan.com\/xdeporte\/wp-json\/wp\/v2\/tags?post=14706"}],"curies":[{"name":"wp","href":"https:\/\/api.w.org\/{rel}","templated":true}]}}