{"id":14714,"date":"2024-09-28T21:51:49","date_gmt":"2024-09-29T00:51:49","guid":{"rendered":"https:\/\/diariodelujan.com\/xdeporte\/?p=14714"},"modified":"2024-09-28T21:51:49","modified_gmt":"2024-09-29T00:51:49","slug":"flandria-visita-a-comunicaciones","status":"publish","type":"post","link":"https:\/\/diariodelujan.com\/xdeporte\/flandria-visita-a-comunicaciones\/","title":{"rendered":"Flandria visita a Comunicaciones en Agronom\u00eda"},"content":{"rendered":"<p><span style=\"font-family: georgia, palatino, serif; font-size: 14pt;\"><em>Este domingo, Flandria visita a Comunicaciones en el barrio Agronom\u00eda para disputar la fecha 16 del Clausura de la Primera B.<\/em><\/span><\/p>\n<p><!--more--><\/p>\n<p>Tras <a href=\"https:\/\/diariodelujan.com\/xdeporte\/flandria-cayo-en-casa-contra-deportivo-armenio\/\" target=\"_blank\" rel=\"noopener\">caer en casa contra Deportivo Armenio<\/a>, <a href=\"https:\/\/www.facebook.com\/ClubsydFlandria\" target=\"_blank\" rel=\"noopener\">Flandria<\/a> visita a Comunicaciones con la necesidad de ganar para no quedarse atr\u00e1s en la zona de reducido. El partido se jugar\u00e1 a partir de las 15 hs del domingo y contar\u00e1 con el arbitraje de Juli\u00e1n Jerez.<\/p>\n<h4><strong>Flandria visita a Comunicaciones en el barrio Agronom\u00eda<\/strong><\/h4>\n<p>El conjunto de J\u00e1uregui busca desesperadamente un triunfo para no alejarse de la zona de reducido en la tabla general. Actualmente se ubica a 2 puntos de Merlo que ostenta el \u00faltimo puesto de la clasificaci\u00f3n, debido a que Los Andes (actual campe\u00f3n del Apertura) no es tenido en cuenta como uno de los candidatos ya que disputar\u00e1 un partido final con el pr\u00f3ximo campe\u00f3n del Clausura.<\/p>\n<p>Por el lado de Comunicaciones, vienen de derrotar a Villa San Carlos por 1 a 0 y ahora buscar\u00e1n un nuevo triunfo contra <em>el Canario,<\/em> como locales y ante su gente, para pelear por la posibilidad de ascender a la segunda categor\u00eda.<\/p>\n<p>El \u00faltimo cruce entre ambos elencos finaliz\u00f3 con una victoria por 2 a 0 del <em>Canario<\/em> por encima del <em>Cartero,<\/em> en el duelo que se disput\u00f3 el 12 de mayo de este mismo a\u00f1o, por el torneo Apertura.<\/p>\n","protected":false},"excerpt":{"rendered":"<p>Este domingo, Flandria visita a Comunicaciones en el barrio Agronom\u00eda para disputar la fecha 16 del Clausura de la Primera B.<\/p>\n","protected":false},"author":3,"featured_media":14715,"comment_status":"closed","ping_status":"closed","sticky":false,"template":"","format":"standard","meta":{"tdm_status":"","tdm_grid_status":"","footnotes":""},"categories":[2,8],"tags":[171,230,172,173,198],"class_list":{"0":"post-14714","1":"post","2":"type-post","3":"status-publish","4":"format-standard","5":"has-post-thumbnail","7":"category-featured","8":"category-futbol","9":"tag-canario","10":"tag-comunicaciones","11":"tag-flandria","12":"tag-futbol","13":"tag-primera-b"},"_links":{"self":[{"href":"https:\/\/diariodelujan.com\/xdeporte\/wp-json\/wp\/v2\/posts\/14714","targetHints":{"allow":["GET"]}}],"collection":[{"href":"https:\/\/diariodelujan.com\/xdeporte\/wp-json\/wp\/v2\/posts"}],"about":[{"href":"https:\/\/diariodelujan.com\/xdeporte\/wp-json\/wp\/v2\/types\/post"}],"author":[{"embeddable":true,"href":"https:\/\/diariodelujan.com\/xdeporte\/wp-json\/wp\/v2\/users\/3"}],"replies":[{"embeddable":true,"href":"https:\/\/diariodelujan.com\/xdeporte\/wp-json\/wp\/v2\/comments?post=14714"}],"version-history":[{"count":2,"href":"https:\/\/diariodelujan.com\/xdeporte\/wp-json\/wp\/v2\/posts\/14714\/revisions"}],"predecessor-version":[{"id":14717,"href":"https:\/\/diariodelujan.com\/xdeporte\/wp-json\/wp\/v2\/posts\/14714\/revisions\/14717"}],"wp:featuredmedia":[{"embeddable":true,"href":"https:\/\/diariodelujan.com\/xdeporte\/wp-json\/wp\/v2\/media\/14715"}],"wp:attachment":[{"href":"https:\/\/diariodelujan.com\/xdeporte\/wp-json\/wp\/v2\/media?parent=14714"}],"wp:term":[{"taxonomy":"category","embeddable":true,"href":"https:\/\/diariodelujan.com\/xdeporte\/wp-json\/wp\/v2\/categories?post=14714"},{"taxonomy":"post_tag","embeddable":true,"href":"https:\/\/diariodelujan.com\/xdeporte\/wp-json\/wp\/v2\/tags?post=14714"}],"curies":[{"name":"wp","href":"https:\/\/api.w.org\/{rel}","templated":true}]}}