{"id":14731,"date":"2024-09-29T20:25:34","date_gmt":"2024-09-29T23:25:34","guid":{"rendered":"https:\/\/diariodelujan.com\/xdeporte\/?p=14731"},"modified":"2024-09-29T20:25:34","modified_gmt":"2024-09-29T23:25:34","slug":"flandria-y-comu-empataron","status":"publish","type":"post","link":"https:\/\/diariodelujan.com\/xdeporte\/flandria-y-comu-empataron\/","title":{"rendered":"Flandria y Comu se repartieron penales y puntos"},"content":{"rendered":"<p><span style=\"font-family: georgia, palatino, serif; font-size: 14pt;\"><em>En la tarde del domingo, Flandria y Comu empataron 1 a 1 y se repartieron los puntos. El conjunto canario rescat\u00f3 un punto de lo que parec\u00eda que iba a ser derrota.<\/em><\/span><\/p>\n<p><!--more--><\/p>\n<p>En el marco de la fecha 16, <a href=\"https:\/\/www.facebook.com\/ClubsydFlandria\" target=\"_blank\" rel=\"noopener\">Flandria<\/a> y Comu igualaron 1 a 1 en el barrio Agronom\u00eda. Tras <a href=\"https:\/\/diariodelujan.com\/xdeporte\/flandria-cayo-en-casa-contra-deportivo-armenio\/\" target=\"_blank\" rel=\"noopener\">perder ante Armenio en la fecha pasada<\/a>, <em>el Canario<\/em> rescat\u00f3 esta vez un punto de visitante, pero no logr\u00f3 meterse en la zona de reducido.<\/p>\n<p>Si bien Flandria fue quien mas se esforz\u00f3 para buscar el primer tanto, el primer tiempo transcurri\u00f3 sin grandes novedades debido a la carencia de ideas a la hora de terminar las jugadas.<\/p>\n<p>En el segundo tiempo, sin embargo, es donde se puso m\u00e1s interesante. A los 10 minutos, el \u00e1rbitro del partido sancion\u00f3 penal a favor del due\u00f1o de casa por una infracci\u00f3n sobre Tom\u00e1s D\u00edaz Grassano dentro del \u00e1rea quien no fall\u00f3 en la conversi\u00f3n y puso a su equipo en ventaja.<\/p>\n<p><em>El Canario<\/em> fue en b\u00fasqueda del empate, pero no le fue f\u00e1cil. No fue si no hasta los 45 minutos de la segunda mitad que se present\u00f3 la mejor chance para cambiar la suerte de los de J\u00e1uregui. Una falta sobre Oballes en el \u00e1rea de <em>Comu<\/em> hizo que el juez Juli\u00e1n Jerez cobrar\u00e1 penal para el conjunto visitante. La ejecuci\u00f3n desde los doce pasos qued\u00f3 a cargo de Cuenca, quien super\u00f3 al arquero Yacaruso y puso el 1-1 final.<\/p>\n<h4><strong>Flandria y Comu empataron y ahora el Canario deber\u00e1 pensar en Liniers<\/strong><\/h4>\n<p>Con este resultado, los dirigidos por Davio quedaron a un punto de Merlo y de la zona de reducido en la tabla general. La pr\u00f3xima jornada, <em>el Canario<\/em> recibir\u00e1 a Liniers, en el Carlos V.<\/p>\n","protected":false},"excerpt":{"rendered":"<p>En la tarde del domingo, Flandria y Comu empataron 1 a 1 y se repartieron los puntos. El conjunto canario rescat\u00f3 un punto de lo que parec\u00eda que iba a ser derrota.<\/p>\n","protected":false},"author":3,"featured_media":14732,"comment_status":"closed","ping_status":"closed","sticky":false,"template":"","format":"standard","meta":{"tdm_status":"","tdm_grid_status":"","footnotes":""},"categories":[2,8],"tags":[171,230,172,173,198],"class_list":{"0":"post-14731","1":"post","2":"type-post","3":"status-publish","4":"format-standard","5":"has-post-thumbnail","7":"category-featured","8":"category-futbol","9":"tag-canario","10":"tag-comunicaciones","11":"tag-flandria","12":"tag-futbol","13":"tag-primera-b"},"_links":{"self":[{"href":"https:\/\/diariodelujan.com\/xdeporte\/wp-json\/wp\/v2\/posts\/14731","targetHints":{"allow":["GET"]}}],"collection":[{"href":"https:\/\/diariodelujan.com\/xdeporte\/wp-json\/wp\/v2\/posts"}],"about":[{"href":"https:\/\/diariodelujan.com\/xdeporte\/wp-json\/wp\/v2\/types\/post"}],"author":[{"embeddable":true,"href":"https:\/\/diariodelujan.com\/xdeporte\/wp-json\/wp\/v2\/users\/3"}],"replies":[{"embeddable":true,"href":"https:\/\/diariodelujan.com\/xdeporte\/wp-json\/wp\/v2\/comments?post=14731"}],"version-history":[{"count":1,"href":"https:\/\/diariodelujan.com\/xdeporte\/wp-json\/wp\/v2\/posts\/14731\/revisions"}],"predecessor-version":[{"id":14733,"href":"https:\/\/diariodelujan.com\/xdeporte\/wp-json\/wp\/v2\/posts\/14731\/revisions\/14733"}],"wp:featuredmedia":[{"embeddable":true,"href":"https:\/\/diariodelujan.com\/xdeporte\/wp-json\/wp\/v2\/media\/14732"}],"wp:attachment":[{"href":"https:\/\/diariodelujan.com\/xdeporte\/wp-json\/wp\/v2\/media?parent=14731"}],"wp:term":[{"taxonomy":"category","embeddable":true,"href":"https:\/\/diariodelujan.com\/xdeporte\/wp-json\/wp\/v2\/categories?post=14731"},{"taxonomy":"post_tag","embeddable":true,"href":"https:\/\/diariodelujan.com\/xdeporte\/wp-json\/wp\/v2\/tags?post=14731"}],"curies":[{"name":"wp","href":"https:\/\/api.w.org\/{rel}","templated":true}]}}