{"id":14738,"date":"2024-09-30T20:01:03","date_gmt":"2024-09-30T23:01:03","guid":{"rendered":"https:\/\/diariodelujan.com\/xdeporte\/?p=14738"},"modified":"2024-09-30T20:01:03","modified_gmt":"2024-09-30T23:01:03","slug":"a-lujan-se-le-escapo-el-triunfo","status":"publish","type":"post","link":"https:\/\/diariodelujan.com\/xdeporte\/a-lujan-se-le-escapo-el-triunfo\/","title":{"rendered":"A Luj\u00e1n se le escap\u00f3 el triunfo ante Juventud"},"content":{"rendered":"<p><span style=\"font-family: georgia, palatino, serif; font-size: 14pt;\"><em>Este lunes por la tarde, a Luj\u00e1n se le escap\u00f3 el triunfo en el 1\u00ba de Abril, al perder contra Juventud Unida por 2 a 1.<\/em><\/span><\/p>\n<p><!--more--><\/p>\n<p>Por la fecha 14, <a href=\"https:\/\/diariodelujan.com\/xdeporte\/lujan-vencio-en-tapiales\/\" target=\"_blank\" rel=\"noopener\"><em>el Lujanero<\/em> triunf\u00f3 sobre Lugano con un c\u00f3modo 3-1<\/a>. Ahora, en el marco de la fecha 15, a <a href=\"https:\/\/www.facebook.com\/www.clublujan.com.ar\" target=\"_blank\" rel=\"noopener\">Luj\u00e1n<\/a> se le escap\u00f3 el triunfo ante <em>el Lobo Rojo,\u00a0<\/em>con quien perdi\u00f3 2 a 1 y se alej\u00f3 del puntero, Real Pilar.<\/p>\n<p>En el inici\u00f3 del primer tiempo, fue el local quien sali\u00f3 a buscar el partido. Sin embargo, A los 15 minutos de juego, el elenco visitante sorprendi\u00f3 a al due\u00f1o de casa abriendo el marcador con un centro desde la derecha y cabezazo de Diego Cardozo.<\/p>\n<p>Luj\u00e1n no pudo encontrar el empate y antes de irse al descanso sufri\u00f3 un nuevo golpe de parte de su rival. Braian Maidana y Juan \u00c1lvarez Morinigo se encargaron de aumentar la diferencia en el marcador a favor de Juventud Unida.<\/p>\n<p>Ya en el segundo tiempo, el ritmo del partido desaceler\u00f3. <em>El Lujanero<\/em> no reaccion\u00f3 hasta los 30 minutos de la segunda mitad, cuando recibi\u00f3 un penal a favor por una infracci\u00f3n sobre Eladio Ramos. No obstante, Cristi\u00e1n Chimino fall\u00f3 en la definici\u00f3n y la pelota se fue por arriba del travesa\u00f1o.<\/p>\n<p>En los minutos finales del encuentro, Claudio Verino, defensor de Juventud, intent\u00f3 despejar un centro del <em>Lujanero<\/em>, pero en cambio convirti\u00f3 en su propio arco y puso el 2-1 final.<\/p>\n<h4><strong>A Luj\u00e1n se le escap\u00f3 el triunfo como local y ahora visitar\u00e1 a Claypole<\/strong><\/h4>\n<p>Tras este resultado, los dirigidos por Garate deber\u00e1n visitar a Claypole en el Rodolfo Vicente Capocasa, por la fecha 16.<\/p>\n","protected":false},"excerpt":{"rendered":"<p>Este lunes por la tarde, a Luj\u00e1n se le escap\u00f3 el triunfo en el 1\u00ba de Abril, al perder contra Juventud Unida por 2 a 1.<\/p>\n","protected":false},"author":3,"featured_media":14739,"comment_status":"closed","ping_status":"closed","sticky":false,"template":"","format":"standard","meta":{"tdm_status":"","tdm_grid_status":"","footnotes":""},"categories":[2,8],"tags":[223,117,184,130,22],"class_list":{"0":"post-14738","1":"post","2":"type-post","3":"status-publish","4":"format-standard","5":"has-post-thumbnail","7":"category-featured","8":"category-futbol","9":"tag-juventud-unida","10":"tag-lujan","11":"tag-lujanero","12":"tag-primera-c","13":"tag-promocion"},"_links":{"self":[{"href":"https:\/\/diariodelujan.com\/xdeporte\/wp-json\/wp\/v2\/posts\/14738","targetHints":{"allow":["GET"]}}],"collection":[{"href":"https:\/\/diariodelujan.com\/xdeporte\/wp-json\/wp\/v2\/posts"}],"about":[{"href":"https:\/\/diariodelujan.com\/xdeporte\/wp-json\/wp\/v2\/types\/post"}],"author":[{"embeddable":true,"href":"https:\/\/diariodelujan.com\/xdeporte\/wp-json\/wp\/v2\/users\/3"}],"replies":[{"embeddable":true,"href":"https:\/\/diariodelujan.com\/xdeporte\/wp-json\/wp\/v2\/comments?post=14738"}],"version-history":[{"count":1,"href":"https:\/\/diariodelujan.com\/xdeporte\/wp-json\/wp\/v2\/posts\/14738\/revisions"}],"predecessor-version":[{"id":14740,"href":"https:\/\/diariodelujan.com\/xdeporte\/wp-json\/wp\/v2\/posts\/14738\/revisions\/14740"}],"wp:featuredmedia":[{"embeddable":true,"href":"https:\/\/diariodelujan.com\/xdeporte\/wp-json\/wp\/v2\/media\/14739"}],"wp:attachment":[{"href":"https:\/\/diariodelujan.com\/xdeporte\/wp-json\/wp\/v2\/media?parent=14738"}],"wp:term":[{"taxonomy":"category","embeddable":true,"href":"https:\/\/diariodelujan.com\/xdeporte\/wp-json\/wp\/v2\/categories?post=14738"},{"taxonomy":"post_tag","embeddable":true,"href":"https:\/\/diariodelujan.com\/xdeporte\/wp-json\/wp\/v2\/tags?post=14738"}],"curies":[{"name":"wp","href":"https:\/\/api.w.org\/{rel}","templated":true}]}}