{"id":14749,"date":"2024-10-04T19:59:01","date_gmt":"2024-10-04T22:59:01","guid":{"rendered":"https:\/\/diariodelujan.com\/xdeporte\/?p=14749"},"modified":"2024-10-04T19:59:01","modified_gmt":"2024-10-04T22:59:01","slug":"dia-del-hincha-triunfo","status":"publish","type":"post","link":"https:\/\/diariodelujan.com\/xdeporte\/dia-del-hincha-triunfo\/","title":{"rendered":"En el D\u00eda del Hincha, Flandria celebr\u00f3 con un triunfo"},"content":{"rendered":"<p><span style=\"font-family: georgia, palatino, serif; font-size: 14pt;\"><em>Este viernes 4 de octubre se celebr\u00f3 el D\u00eda del Hincha canario en el Carlos V y Flandria lo festej\u00f3 con una triunfo por 2 a 0 ante Liniers.<\/em><\/span><\/p>\n<p><!--more--><\/p>\n<p>Por la fecha 17 del Clausura, <a href=\"https:\/\/www.facebook.com\/ClubsydFlandria\" target=\"_blank\" rel=\"noopener\"><em>el Canario<\/em><\/a> y <em>la Topadora<\/em> se enfrentaron en el Carlos V en el D\u00eda del Hincha, celebrado en esta fecha por los 129 a\u00f1os del nacimiento de Don Julio Steverlynck.<\/p>\n<p><a href=\"https:\/\/diariodelujan.com\/xdeporte\/flandria-y-comu-empataron\/\" target=\"_blank\" rel=\"noopener\">Flandria logr\u00f3 un empate en el partido pasado ante <em>Comu<\/em><\/a> y necesitaba urgentemente un triunfo que lo metiera en la zona de reducido.<\/p>\n<p>A pesar de que en el primer tiempo Liniers le otorg\u00f3 el protagonismo al <em>Canario<\/em>, estos no pudieron capitalizar sus chances y el entretiempo lleg\u00f3 con el marcador sin modificaciones.<\/p>\n<p>Temprano en la segunda parte, Flandria lleg\u00f3 con peligro al \u00e1rea de Liniers. Juan Manuel Cabrera mand\u00f3 un centro para Mat\u00edas L\u00f3pez, quien de cabeza intent\u00f3 definir, la pelota, entonces, fue desviada por un defensor visitante y el arquero Acevedo no pudo rechazar el primer tanto del local.<\/p>\n<p>Tras el gol, Liniers no reaccion\u00f3, por lo que unos minutos m\u00e1s tarde Flandria volvi\u00f3 a atacar. Tras un centro de L\u00f3pez, Z\u00e1rate la pein\u00f3 en el primer palo para que Cabrera convirtiese el segundo.<\/p>\n<h4><strong>En el D\u00eda del Hincha Flandria festej\u00f3 con su gente<\/strong><\/h4>\n<p>A partir de ah\u00ed, los minutos fueron corriendo y el conjunto visitante no logr\u00f3 descontar. Con el partido finalizado, Flandria celebr\u00f3 el triunfo necesitado ante su p\u00fablico.<\/p>\n<p>El pr\u00f3ximo compromiso del <em>Canario<\/em> ser\u00e1 ante Argentino de Merlo, como visitante.<\/p>\n","protected":false},"excerpt":{"rendered":"<p>Este viernes 4 de octubre se celebr\u00f3 el D\u00eda del Hincha canario en el Carlos V y Flandria lo festej\u00f3 con una triunfo por 2 a 0 ante Liniers.<\/p>\n","protected":false},"author":3,"featured_media":14750,"comment_status":"closed","ping_status":"closed","sticky":false,"template":"","format":"standard","meta":{"tdm_status":"","tdm_grid_status":"","footnotes":""},"categories":[2,8],"tags":[171,340,172,173,233,198],"class_list":{"0":"post-14749","1":"post","2":"type-post","3":"status-publish","4":"format-standard","5":"has-post-thumbnail","7":"category-featured","8":"category-futbol","9":"tag-canario","10":"tag-dia-del-hincha","11":"tag-flandria","12":"tag-futbol","13":"tag-liniers","14":"tag-primera-b"},"_links":{"self":[{"href":"https:\/\/diariodelujan.com\/xdeporte\/wp-json\/wp\/v2\/posts\/14749","targetHints":{"allow":["GET"]}}],"collection":[{"href":"https:\/\/diariodelujan.com\/xdeporte\/wp-json\/wp\/v2\/posts"}],"about":[{"href":"https:\/\/diariodelujan.com\/xdeporte\/wp-json\/wp\/v2\/types\/post"}],"author":[{"embeddable":true,"href":"https:\/\/diariodelujan.com\/xdeporte\/wp-json\/wp\/v2\/users\/3"}],"replies":[{"embeddable":true,"href":"https:\/\/diariodelujan.com\/xdeporte\/wp-json\/wp\/v2\/comments?post=14749"}],"version-history":[{"count":1,"href":"https:\/\/diariodelujan.com\/xdeporte\/wp-json\/wp\/v2\/posts\/14749\/revisions"}],"predecessor-version":[{"id":14751,"href":"https:\/\/diariodelujan.com\/xdeporte\/wp-json\/wp\/v2\/posts\/14749\/revisions\/14751"}],"wp:featuredmedia":[{"embeddable":true,"href":"https:\/\/diariodelujan.com\/xdeporte\/wp-json\/wp\/v2\/media\/14750"}],"wp:attachment":[{"href":"https:\/\/diariodelujan.com\/xdeporte\/wp-json\/wp\/v2\/media?parent=14749"}],"wp:term":[{"taxonomy":"category","embeddable":true,"href":"https:\/\/diariodelujan.com\/xdeporte\/wp-json\/wp\/v2\/categories?post=14749"},{"taxonomy":"post_tag","embeddable":true,"href":"https:\/\/diariodelujan.com\/xdeporte\/wp-json\/wp\/v2\/tags?post=14749"}],"curies":[{"name":"wp","href":"https:\/\/api.w.org\/{rel}","templated":true}]}}