{"id":14773,"date":"2024-10-05T20:43:59","date_gmt":"2024-10-05T23:43:59","guid":{"rendered":"https:\/\/diariodelujan.com\/xdeporte\/?p=14773"},"modified":"2024-10-05T20:43:59","modified_gmt":"2024-10-05T23:43:59","slug":"nueva-victoria-del-rugby-de-lrc-2","status":"publish","type":"post","link":"https:\/\/diariodelujan.com\/xdeporte\/nueva-victoria-del-rugby-de-lrc-2\/","title":{"rendered":"Nueva victoria del rugby de LRC para mantener viva la ilusi\u00f3n"},"content":{"rendered":"<p><span style=\"font-family: georgia, palatino, serif; font-size: 14pt;\"><em>Este s\u00e1bado por la tarde, el rugby de LRC obtuvo un nuevo triunfo, esta vez ante Areco por 41 a 22. El equipo de nuestra ciudad sum\u00f3 su victoria n\u00famero 20 al hilo.<\/em><\/span><\/p>\n<p><!--more--><\/p>\n<p>En el marco de la fecha 24, <a href=\"https:\/\/www.instagram.com\/lujanrugbyclub\/\" target=\"_blank\" rel=\"noopener\">el rugby de LRC<\/a> visit\u00f3 a Areco, tras haber <a href=\"https:\/\/diariodelujan.com\/xdeporte\/lrc-le-gano-a-mercedes\/\" target=\"_blank\" rel=\"noopener\">derrotado a Mercedes<\/a> en el predio de La Loma la fecha pasada.<\/p>\n<p>Los primeros minutos del partido estuvieron trabados y no fue sino hasta los 20 minutos que Luj\u00e1n abri\u00f3 el marcador con un try de Garc\u00eda.<\/p>\n<p>M\u00e1s tarde, Grecco se encarg\u00f3 de anotar el segundo try para <em>el Lujanero.\u00a0<\/em>Sin embargo, antes del entretiempo, el local logr\u00f3 descontar con un try y dej\u00f3 el parcial 10 a 5, a favor de Luj\u00e1n.<\/p>\n<p>Ya en el segundo tiempo, Areco se puso arriba con dos tries convertidos, a 10 minutos de reanudado el partido el local se puso 19 a 10 en ventaja.<\/p>\n<p>Luego, Luj\u00e1n RC achic\u00f3 la distancia en el tanteador con un try convertido por Lucas Cavas\u00edn. M\u00e1s tarde, fue el mismo Cavas\u00edn quien acert\u00f3 el iro a los postes. Con esto, el quince visitante se puso en ventaja por un tanto.<\/p>\n<p>A los 30 de juego y luego de que el local se pusiera en ventaja nuevamente, Luj\u00e1n obtuvo un try penal y dos tries convertido para sumar 21 tantos m\u00e1s a su marcador. De esta forma, la visita se qued\u00f3 con el triunfo y obtuvo punto bonus con el definitivo 41 a 22.<\/p>\n<h4><strong>Lo que le queda al rugby de LRC<\/strong><\/h4>\n<p>Con dos partidos restantes por jugar en el torneo regular, <em>el Lujanero<\/em> deber\u00e1 enfrentar primero a Vicentinos, en La Loma y luego visitar\u00e1 a Del Sur en la fecha 26.<\/p>\n","protected":false},"excerpt":{"rendered":"<p>Este s\u00e1bado por la tarde, el rugby de LRC obtuvo un nuevo triunfo, esta vez ante Areco por 41 a 22. El equipo de nuestra ciudad sum\u00f3 su victoria n\u00famero 20 al hilo.<\/p>\n","protected":false},"author":3,"featured_media":14774,"comment_status":"closed","ping_status":"closed","sticky":false,"template":"","format":"standard","meta":{"tdm_status":"","tdm_grid_status":"","footnotes":""},"categories":[2,1],"tags":[141,114,117,116],"class_list":{"0":"post-14773","1":"post","2":"type-post","3":"status-publish","4":"format-standard","5":"has-post-thumbnail","7":"category-featured","8":"category-rugby","9":"tag-areco","10":"tag-lrc","11":"tag-lujan","12":"tag-rugby"},"_links":{"self":[{"href":"https:\/\/diariodelujan.com\/xdeporte\/wp-json\/wp\/v2\/posts\/14773","targetHints":{"allow":["GET"]}}],"collection":[{"href":"https:\/\/diariodelujan.com\/xdeporte\/wp-json\/wp\/v2\/posts"}],"about":[{"href":"https:\/\/diariodelujan.com\/xdeporte\/wp-json\/wp\/v2\/types\/post"}],"author":[{"embeddable":true,"href":"https:\/\/diariodelujan.com\/xdeporte\/wp-json\/wp\/v2\/users\/3"}],"replies":[{"embeddable":true,"href":"https:\/\/diariodelujan.com\/xdeporte\/wp-json\/wp\/v2\/comments?post=14773"}],"version-history":[{"count":2,"href":"https:\/\/diariodelujan.com\/xdeporte\/wp-json\/wp\/v2\/posts\/14773\/revisions"}],"predecessor-version":[{"id":14776,"href":"https:\/\/diariodelujan.com\/xdeporte\/wp-json\/wp\/v2\/posts\/14773\/revisions\/14776"}],"wp:featuredmedia":[{"embeddable":true,"href":"https:\/\/diariodelujan.com\/xdeporte\/wp-json\/wp\/v2\/media\/14774"}],"wp:attachment":[{"href":"https:\/\/diariodelujan.com\/xdeporte\/wp-json\/wp\/v2\/media?parent=14773"}],"wp:term":[{"taxonomy":"category","embeddable":true,"href":"https:\/\/diariodelujan.com\/xdeporte\/wp-json\/wp\/v2\/categories?post=14773"},{"taxonomy":"post_tag","embeddable":true,"href":"https:\/\/diariodelujan.com\/xdeporte\/wp-json\/wp\/v2\/tags?post=14773"}],"curies":[{"name":"wp","href":"https:\/\/api.w.org\/{rel}","templated":true}]}}