{"id":14791,"date":"2024-10-07T20:01:18","date_gmt":"2024-10-07T23:01:18","guid":{"rendered":"https:\/\/diariodelujan.com\/xdeporte\/?p=14791"},"modified":"2024-10-07T20:01:18","modified_gmt":"2024-10-07T23:01:18","slug":"lujan-rescato-un-punto","status":"publish","type":"post","link":"https:\/\/diariodelujan.com\/xdeporte\/lujan-rescato-un-punto\/","title":{"rendered":"Luj\u00e1n rescat\u00f3 un punto ante Claypole"},"content":{"rendered":"<p><span style=\"font-family: georgia, palatino, serif; font-size: 14pt;\"><em>Este lunes, Luj\u00e1n rescat\u00f3 un punto en su duelo ante Claypole. Con este resultado, el Lujanero qued\u00f3 a 12 puntos del l\u00edder, Real Pilar.<\/em><\/span><\/p>\n<p><!--more--><\/p>\n<p>En el marco de la fecha 16 y tras la <a href=\"https:\/\/diariodelujan.com\/xdeporte\/a-lujan-se-le-escapo-el-triunfo\/\" target=\"_blank\" rel=\"noopener\">dolorosa derrota ante Juventud Unida<\/a>, <a href=\"https:\/\/www.facebook.com\/www.clublujan.com.ar\" target=\"_blank\" rel=\"noopener\">Luj\u00e1n<\/a> rescat\u00f3 un punto en su visita a Claypole por la d\u00e9cimo sexta jornada.<\/p>\n<p>A pesar de su condici\u00f3n como invitado, <em>el Lujanero<\/em> fue quien tom\u00f3 la posta y presion\u00f3 a su rival, llevando el peligro del gol al terreno de Claypole.<\/p>\n<p>Sin embargo, pasados los 15 minutos, el due\u00f1o de casa se puso en ventaja. Con un centro de Mat\u00edas Coselli y un cabezazo de Sergio Acosta dejaron el marcador parcial en 1-0.<\/p>\n<h4><strong>Luj\u00e1n rescat\u00f3 un punto en el segundo tiempo<\/strong><\/h4>\n<p>En el segundo tiempo, Luj\u00e1n mantuvo la presi\u00f3n y logr\u00f3 el empate. Con la asistencia de Pellegrino, Ant\u00fanez, casi sin resistencia, super\u00f3 al arquero Tello.<\/p>\n<p>M\u00e1s tarde, el elenco de nuestra ciudad, tuvo la m\u00e1s clara para el desempate. Eladio Ramos, dentro del \u00e1rea rival, se quit\u00f3 la marca de encima y remat\u00f3 al arco, pero Tello tap\u00f3 el segundo gol del <em>Lujanero.<\/em><\/p>\n<p>Sin tiempo para m\u00e1s, ambos equipos terminaron empatados y se repartieron los puntos. En el pr\u00f3ximo compromiso, Luj\u00e1n recibir\u00e1 a Central Ballester en el 1\u00b0 de Abril.<\/p>\n","protected":false},"excerpt":{"rendered":"<p>Este lunes, Luj\u00e1n rescat\u00f3 un punto en su duelo ante Claypole. Con este resultado, el Lujanero qued\u00f3 a 12 puntos del l\u00edder, Real Pilar.<\/p>\n","protected":false},"author":3,"featured_media":14793,"comment_status":"closed","ping_status":"closed","sticky":false,"template":"","format":"standard","meta":{"tdm_status":"","tdm_grid_status":"","footnotes":""},"categories":[2,8],"tags":[341,173,117,184,130],"class_list":{"0":"post-14791","1":"post","2":"type-post","3":"status-publish","4":"format-standard","5":"has-post-thumbnail","7":"category-featured","8":"category-futbol","9":"tag-claypole","10":"tag-futbol","11":"tag-lujan","12":"tag-lujanero","13":"tag-primera-c"},"_links":{"self":[{"href":"https:\/\/diariodelujan.com\/xdeporte\/wp-json\/wp\/v2\/posts\/14791","targetHints":{"allow":["GET"]}}],"collection":[{"href":"https:\/\/diariodelujan.com\/xdeporte\/wp-json\/wp\/v2\/posts"}],"about":[{"href":"https:\/\/diariodelujan.com\/xdeporte\/wp-json\/wp\/v2\/types\/post"}],"author":[{"embeddable":true,"href":"https:\/\/diariodelujan.com\/xdeporte\/wp-json\/wp\/v2\/users\/3"}],"replies":[{"embeddable":true,"href":"https:\/\/diariodelujan.com\/xdeporte\/wp-json\/wp\/v2\/comments?post=14791"}],"version-history":[{"count":1,"href":"https:\/\/diariodelujan.com\/xdeporte\/wp-json\/wp\/v2\/posts\/14791\/revisions"}],"predecessor-version":[{"id":14792,"href":"https:\/\/diariodelujan.com\/xdeporte\/wp-json\/wp\/v2\/posts\/14791\/revisions\/14792"}],"wp:featuredmedia":[{"embeddable":true,"href":"https:\/\/diariodelujan.com\/xdeporte\/wp-json\/wp\/v2\/media\/14793"}],"wp:attachment":[{"href":"https:\/\/diariodelujan.com\/xdeporte\/wp-json\/wp\/v2\/media?parent=14791"}],"wp:term":[{"taxonomy":"category","embeddable":true,"href":"https:\/\/diariodelujan.com\/xdeporte\/wp-json\/wp\/v2\/categories?post=14791"},{"taxonomy":"post_tag","embeddable":true,"href":"https:\/\/diariodelujan.com\/xdeporte\/wp-json\/wp\/v2\/tags?post=14791"}],"curies":[{"name":"wp","href":"https:\/\/api.w.org\/{rel}","templated":true}]}}