{"id":14794,"date":"2024-10-08T11:21:18","date_gmt":"2024-10-08T14:21:18","guid":{"rendered":"https:\/\/diariodelujan.com\/xdeporte\/?p=14794"},"modified":"2024-10-08T11:36:03","modified_gmt":"2024-10-08T14:36:03","slug":"carrera-de-regularidad-en-la-italiana","status":"publish","type":"post","link":"https:\/\/diariodelujan.com\/xdeporte\/carrera-de-regularidad-en-la-italiana\/","title":{"rendered":"Pavan se impuso en la carrera de regularidad en La Italiana"},"content":{"rendered":"<p><span style=\"font-size: 14pt; font-family: georgia, palatino, serif;\"><em>Alejandro Pavan se impuso en la carrera de regularidad en La Italiana en la competencia del viernes donde fue escoltado por Luis Rubin (2\u00b0) y Daniel Garc\u00eda (3\u00b0).<\/em><!--more--><\/span><\/p>\n<p>El viernes por la noche en la pista del <strong>Circuito Fiorano\/Vianini,<\/strong> bajo la atenta conducci\u00f3n del Comisario Deportivo Jorge Cappelletti, se llev\u00f3 a cabo la habitual fecha mensual del primer viernes de cada mes, para la categor\u00eda Cupecitas TC 1\/32 donde se lucieron pilotos habituados a la especialidad y tambi\u00e9n algunas nuevas presencias con mucho futuro en el automodelismo slot.<\/p>\n<p><a href=\"https:\/\/www.diariodelujan.com\/wp-content\/uploads\/2024\/10\/cupecitas-Pilar.webp\"><img loading=\"lazy\" decoding=\"async\" class=\"alignnone size-full wp-image-17245\" src=\"https:\/\/www.diariodelujan.com\/wp-content\/uploads\/2024\/10\/cupecitas-Pilar.webp\" alt=\"carrera de irregularidad en La Italiana\" width=\"900\" height=\"628\" title=\"\"><\/a><\/p>\n<p>Luego de una extensa revisi\u00f3n t\u00e9cnica de las m\u00e1quinas entregadas al parque cerrado, se realizaron las tres series que sumarian vueltas para determinar en conjunto el resultado final.<br \/>\nComo es habitual en la categoria, cada serie ten\u00eda ya sorteadas la v\u00eda velocidad, las v\u00edas regularidad y una tercera que determinar\u00eda la pericia del piloto para acercarse a la marca &#8220;regularidad&#8221; necesaria para arribar a la marca final de la carrera.<\/p>\n<p>Redondeando el comentario felicitamos a Alejandro Pav\u00e1n que se llev\u00f3 la carrera de manera magistral, 2do Luis Rubin a quien la fortuna lo acompa\u00f1o ya que debi\u00f3 detenerse a reparar mientras hac\u00eda la v\u00eda velocidad habilitando su auto para las tres restantes donde demostr\u00f3 mucha experiencia &#8220;regulera&#8221; en la conducci\u00f3n. Fue tercero el pilotazo de Gral. Pacheco Daniel Garc\u00eda con una tarea para el aplauso.<\/p>\n<p>Finalmente la <strong>carrera de cupecitas<\/strong> de este mes (1\/32) arroj\u00f3 el siguiente resultado: Primero Alejandro Pav\u00e1n (190.50 vueltas) con excelente trabajo y concentraci\u00f3n adjudic\u00e1ndose las v\u00edas velocidad y regularidad con una cupecita muy rendidora , segundo Luis Rub\u00edn con 191.93, tercero el muy prolijo piloto de General Pacheco, Daniel Garc\u00eda (192.83). Muchas felicitaciones al podio por su trabajo en pista y concentraci\u00f3n para rendir en la dif\u00edcil faena de regular velocidad para cumplir la meta establecida.<\/p>\n<p><a href=\"https:\/\/www.diariodelujan.com\/wp-content\/uploads\/2024\/10\/cupecitas.webp\"><img loading=\"lazy\" decoding=\"async\" class=\"alignnone size-full wp-image-17247\" src=\"https:\/\/www.diariodelujan.com\/wp-content\/uploads\/2024\/10\/cupecitas.webp\" alt=\"carrera de irregularidad en La Italiana\" width=\"883\" height=\"499\" title=\"\"><\/a><\/p>\n<p>En cuarto lugar arrib\u00f3 Oscar Romano (194.37) en muy buena concentraci\u00f3n , 5to fue el joven Laureano Delari (195.7).<br \/>\nRafael Guarrera volviendo a las pistas con ganas de seguir mejorando lleg\u00f3 6to con 197.4 aunque luch\u00f3 contra su propio pulsador que no funcion\u00f3 del todo bien. El s\u00e9ptimo fue Pablo Ponce de Le\u00f3n (183.57), 8vo Ricardo Vega con un registro de 183.50 giros. Complet\u00f3 su carrera en noveno puesto Sebasti\u00e1n Romano (164.61) arribando 10mo Ricardo Perea con 164.61 giros con un auto que tuvo varios inconvenientes debiendo detenerse a reparar.<\/p>\n<p>Interesante carrera del torneo de Regularidad para las cupecitas 1\/32 que tendr\u00e1 su proximo compromiso el 1ro de Noviembre. Nuevamente la pista &#8211; sita en Pedro Lagrave al 1100 Pilar Centro &#8211; se present\u00f3 en inmejorables condiciones.<\/p>\n<p><em>Nota Ricardo Vega<\/em><br \/>\n<em>Servicio de prensa<\/em><br \/>\n<em>Contacto 67036196<\/em><\/p>\n","protected":false},"excerpt":{"rendered":"<p>Alejandro Pavan se impuso en la carrera de regularidad en La Italiana en la competencia del viernes donde fue escoltado por Luis Rubin (2\u00b0) y Daniel Garc\u00eda (3\u00b0).<\/p>\n","protected":false},"author":4,"featured_media":14797,"comment_status":"closed","ping_status":"closed","sticky":false,"template":"","format":"standard","meta":{"tdm_status":"","tdm_grid_status":"","footnotes":""},"categories":[2,20],"tags":[343,33,292,342],"class_list":{"0":"post-14794","1":"post","2":"type-post","3":"status-publish","4":"format-standard","5":"has-post-thumbnail","7":"category-featured","8":"category-automodelismo","9":"tag-automodelismp","10":"tag-carrera","11":"tag-la-italiana","12":"tag-regularidad"},"_links":{"self":[{"href":"https:\/\/diariodelujan.com\/xdeporte\/wp-json\/wp\/v2\/posts\/14794","targetHints":{"allow":["GET"]}}],"collection":[{"href":"https:\/\/diariodelujan.com\/xdeporte\/wp-json\/wp\/v2\/posts"}],"about":[{"href":"https:\/\/diariodelujan.com\/xdeporte\/wp-json\/wp\/v2\/types\/post"}],"author":[{"embeddable":true,"href":"https:\/\/diariodelujan.com\/xdeporte\/wp-json\/wp\/v2\/users\/4"}],"replies":[{"embeddable":true,"href":"https:\/\/diariodelujan.com\/xdeporte\/wp-json\/wp\/v2\/comments?post=14794"}],"version-history":[{"count":4,"href":"https:\/\/diariodelujan.com\/xdeporte\/wp-json\/wp\/v2\/posts\/14794\/revisions"}],"predecessor-version":[{"id":14799,"href":"https:\/\/diariodelujan.com\/xdeporte\/wp-json\/wp\/v2\/posts\/14794\/revisions\/14799"}],"wp:featuredmedia":[{"embeddable":true,"href":"https:\/\/diariodelujan.com\/xdeporte\/wp-json\/wp\/v2\/media\/14797"}],"wp:attachment":[{"href":"https:\/\/diariodelujan.com\/xdeporte\/wp-json\/wp\/v2\/media?parent=14794"}],"wp:term":[{"taxonomy":"category","embeddable":true,"href":"https:\/\/diariodelujan.com\/xdeporte\/wp-json\/wp\/v2\/categories?post=14794"},{"taxonomy":"post_tag","embeddable":true,"href":"https:\/\/diariodelujan.com\/xdeporte\/wp-json\/wp\/v2\/tags?post=14794"}],"curies":[{"name":"wp","href":"https:\/\/api.w.org\/{rel}","templated":true}]}}