{"id":14800,"date":"2024-10-08T22:20:44","date_gmt":"2024-10-09T01:20:44","guid":{"rendered":"https:\/\/diariodelujan.com\/xdeporte\/?p=14800"},"modified":"2024-10-08T22:23:03","modified_gmt":"2024-10-09T01:23:03","slug":"carrera-de-la-familia","status":"publish","type":"post","link":"https:\/\/diariodelujan.com\/xdeporte\/carrera-de-la-familia\/","title":{"rendered":"Llega la Carrera de la Familia en Carlos Keen"},"content":{"rendered":"<p><span style=\"font-family: georgia, palatino, serif; font-size: 14pt;\"><em>El Municipio anunci\u00f3 la primera edici\u00f3n de La Carrera de la Familia, que tendr\u00e1 lugar en la localidad de Carlos Keen el s\u00e1bado 23 de noviembre.<\/em><\/span> <!--more--><\/p>\n<p>Esta iniciativa tiene como objetivo unir a las familias a trav\u00e9s del deporte, la recreaci\u00f3n y fomentar el estilo de vida saludable al aire libre.<\/p>\n<p>La invitaci\u00f3n es abierta a toda la comunidad de Luj\u00e1n y sus alrededores. Es una actividad para disfrutar en familia y contar\u00e1 con circuitos dise\u00f1ados para vivir una experiencia \u00fanica.<\/p>\n<p>Los participantes podr\u00e1n unirse a la caminata familiar de 1 kil\u00f3metro, a la carrera de 5 kil\u00f3metros y, para los deportistas m\u00e1s experimentados, a la carrera de 10 kil\u00f3metros, que combinar\u00e1 tramos de calle y cross.<\/p>\n<p>Las inscripciones estar\u00e1n disponibles a partir de este lunes 14 de octubre en los perfiles de Instagram @deportelujan y @pablitocolombo. Tendr\u00e1n un valor de $5 mil, adem\u00e1s de la donaci\u00f3n de 3 alimentos no perecederos que ser\u00e1n entregados a espacios comunitarios del Distrito.<\/p>\n<p>El evento, que ser\u00e1 conducido por el reconocido organizador y animador de eventos Pablito Colombo, contar\u00e1 con la presencia de bandas en vivo y sorteos para los participantes.<\/p>\n<p>Al finalizar la jornada, se invitar\u00e1 a los asistentes a descubrir la oferta gastron\u00f3mica y tur\u00edstica que Carlos Keen tiene para ofrecer.<\/p>\n<p>Organizan el Municipio de Luj\u00e1n y la Iglesia San Carlos Borromeo de Carlos Keen.<\/p>\n","protected":false},"excerpt":{"rendered":"<p>El Municipio anunci\u00f3 la primera edici\u00f3n de La Carrera de la Familia, que tendr\u00e1 lugar en la localidad de Carlos Keen el s\u00e1bado 23 de noviembre.<\/p>\n","protected":false},"author":4,"featured_media":14803,"comment_status":"closed","ping_status":"closed","sticky":false,"template":"","format":"standard","meta":{"tdm_status":"","tdm_grid_status":"","footnotes":""},"categories":[112,2],"tags":[265,345,344],"class_list":{"0":"post-14800","1":"post","2":"type-post","3":"status-publish","4":"format-standard","5":"has-post-thumbnail","7":"category-atletismo","8":"category-featured","9":"tag-atletismo","10":"tag-carlos-keen","11":"tag-carrera-de-la-familia"},"_links":{"self":[{"href":"https:\/\/diariodelujan.com\/xdeporte\/wp-json\/wp\/v2\/posts\/14800","targetHints":{"allow":["GET"]}}],"collection":[{"href":"https:\/\/diariodelujan.com\/xdeporte\/wp-json\/wp\/v2\/posts"}],"about":[{"href":"https:\/\/diariodelujan.com\/xdeporte\/wp-json\/wp\/v2\/types\/post"}],"author":[{"embeddable":true,"href":"https:\/\/diariodelujan.com\/xdeporte\/wp-json\/wp\/v2\/users\/4"}],"replies":[{"embeddable":true,"href":"https:\/\/diariodelujan.com\/xdeporte\/wp-json\/wp\/v2\/comments?post=14800"}],"version-history":[{"count":3,"href":"https:\/\/diariodelujan.com\/xdeporte\/wp-json\/wp\/v2\/posts\/14800\/revisions"}],"predecessor-version":[{"id":14804,"href":"https:\/\/diariodelujan.com\/xdeporte\/wp-json\/wp\/v2\/posts\/14800\/revisions\/14804"}],"wp:featuredmedia":[{"embeddable":true,"href":"https:\/\/diariodelujan.com\/xdeporte\/wp-json\/wp\/v2\/media\/14803"}],"wp:attachment":[{"href":"https:\/\/diariodelujan.com\/xdeporte\/wp-json\/wp\/v2\/media?parent=14800"}],"wp:term":[{"taxonomy":"category","embeddable":true,"href":"https:\/\/diariodelujan.com\/xdeporte\/wp-json\/wp\/v2\/categories?post=14800"},{"taxonomy":"post_tag","embeddable":true,"href":"https:\/\/diariodelujan.com\/xdeporte\/wp-json\/wp\/v2\/tags?post=14800"}],"curies":[{"name":"wp","href":"https:\/\/api.w.org\/{rel}","templated":true}]}}