{"id":14814,"date":"2024-10-09T19:13:13","date_gmt":"2024-10-09T22:13:13","guid":{"rendered":"https:\/\/diariodelujan.com\/xdeporte\/?p=14814"},"modified":"2024-10-09T19:13:13","modified_gmt":"2024-10-09T22:13:13","slug":"mica-se-impuso-en-la-categoria-toyota","status":"publish","type":"post","link":"https:\/\/diariodelujan.com\/xdeporte\/mica-se-impuso-en-la-categoria-toyota\/","title":{"rendered":"Dardo Mica se impuso en la categor\u00eda Toyota 1\/24"},"content":{"rendered":"<p><span style=\"font-family: georgia, palatino, serif; font-size: 14pt;\"><em>Con una m\u00e1quina que le respondi\u00f3 a todos los requerimientos, Dardo Mica se impuso en la categor\u00eda Toyota 1\/24 el la Italiana de Pilar.<\/em><\/span><!--more--><\/p>\n<p>El pilarense Dardo Mica, quien se destaca en varias categor\u00edas del automodelismo slot, desarroll\u00f3 una carrera inteligente de la categor\u00eda Toyota 1\/24 llev\u00e1ndose el triunfo tras un registro de 129.35 vueltas con autoridad y una notable superioridad mec\u00e1nica.<\/p>\n<p><a href=\"https:\/\/diariodelujan.com\/xdeporte\/wp-content\/uploads\/2024\/10\/categoria-Toyota-3.webp\"><img loading=\"lazy\" decoding=\"async\" class=\"alignnone size-full wp-image-14821\" src=\"https:\/\/diariodelujan.com\/xdeporte\/wp-content\/uploads\/2024\/10\/categoria-Toyota-3.webp\" alt=\"Dardo Mica gan\u00f3 la categor\u00eda Toyota\" width=\"827\" height=\"418\" title=\"\" srcset=\"https:\/\/diariodelujan.com\/xdeporte\/wp-content\/uploads\/2024\/10\/categoria-Toyota-3.webp 827w, https:\/\/diariodelujan.com\/xdeporte\/wp-content\/uploads\/2024\/10\/categoria-Toyota-3-300x152.webp 300w, https:\/\/diariodelujan.com\/xdeporte\/wp-content\/uploads\/2024\/10\/categoria-Toyota-3-768x388.webp 768w, https:\/\/diariodelujan.com\/xdeporte\/wp-content\/uploads\/2024\/10\/categoria-Toyota-3-696x352.webp 696w\" sizes=\"auto, (max-width: 827px) 100vw, 827px\" \/><\/a><\/p>\n<p>Fue segundo en la oportunidad sobre la prolija pista del Circuito Fiorano\/Vianini -Pedro Lagrave 1100 a cuatro cuadras de la plaza de la ciudad- el muy destacado piloto local Alejandro Pav\u00e1n con una marca de 125.84 vtas dejando atr\u00e1s al &#8220;gentleman&#8221; de Tigre, Edgardo N\u00fa\u00f1ez con 125.78 en franca lucha rueda a rueda con Pav\u00e1n por el \u00faltimo escal\u00f3n del podio.<\/p>\n<p>Felicitaciones al tr\u00edo puntero y, como decimos siempre, tambi\u00e9n a todos los que con su presencia apoyan la pista en particular y al automodelismo slot en general.<\/p>\n<p>El cuarto lugar fue para Daniel Garc\u00eda, el siempre amable y prolijo piloto preparador de Gral Pacheco que, con un auto bastante veloz se llev\u00f3 la satisfacci\u00f3n de poder arribar con 113.50 aunque algo distanciado a la punta.<\/p>\n<p><a href=\"https:\/\/diariodelujan.com\/xdeporte\/wp-content\/uploads\/2024\/10\/categoria-Toyota-1.webp\"><img loading=\"lazy\" decoding=\"async\" class=\"alignnone size-full wp-image-14819\" src=\"https:\/\/diariodelujan.com\/xdeporte\/wp-content\/uploads\/2024\/10\/categoria-Toyota-1.webp\" alt=\"Dardo Mica gan\u00f3 la categor\u00eda Toyota\" width=\"800\" height=\"604\" title=\"\" srcset=\"https:\/\/diariodelujan.com\/xdeporte\/wp-content\/uploads\/2024\/10\/categoria-Toyota-1.webp 800w, https:\/\/diariodelujan.com\/xdeporte\/wp-content\/uploads\/2024\/10\/categoria-Toyota-1-300x227.webp 300w, https:\/\/diariodelujan.com\/xdeporte\/wp-content\/uploads\/2024\/10\/categoria-Toyota-1-768x580.webp 768w, https:\/\/diariodelujan.com\/xdeporte\/wp-content\/uploads\/2024\/10\/categoria-Toyota-1-556x420.webp 556w, https:\/\/diariodelujan.com\/xdeporte\/wp-content\/uploads\/2024\/10\/categoria-Toyota-1-80x60.webp 80w, https:\/\/diariodelujan.com\/xdeporte\/wp-content\/uploads\/2024\/10\/categoria-Toyota-1-696x525.webp 696w\" sizes=\"auto, (max-width: 800px) 100vw, 800px\" \/><\/a><\/p>\n<p>Fue 5to Horacio Pe\u00f1agaricano (113.26) con una m\u00e1quina muy bien puesta a punto pero que no rindi\u00f3 de acuerdo a los antecedentes del piloto.<br \/>\nEl sexto lugar en carrera al final de la prueba fue para Oscar Romano con 102.66 giros.<\/p>\n<p>Se recuerda a los interesados que la pista tiene siempre un lugar para ni\u00f1os , j\u00f3venes y debutantes pudiendo requerirse informaci\u00f3n al TE 11 5696 0457 (Sr Jorge Cappelletti) o en la pista Martes y Jueves desde las 18.30.<\/p>\n<p><em>Nota Ricardo Vega<\/em><br \/>\n<em>Servicio de prensa<\/em><br \/>\n<em>Contacto 67036196<\/em><\/p>\n","protected":false},"excerpt":{"rendered":"<p>Con una m\u00e1quina que le respondi\u00f3 a todos los requerimientos, Dardo Mica se impuso en la categor\u00eda Toyota 1\/24 el la Italiana de Pilar.<\/p>\n","protected":false},"author":4,"featured_media":14820,"comment_status":"closed","ping_status":"closed","sticky":false,"template":"","format":"standard","meta":{"tdm_status":"","tdm_grid_status":"","footnotes":""},"categories":[20,2],"tags":[19,82,29,346],"class_list":{"0":"post-14814","1":"post","2":"type-post","3":"status-publish","4":"format-standard","5":"has-post-thumbnail","7":"category-automodelismo","8":"category-featured","9":"tag-automodelismo","10":"tag-categoria","11":"tag-mica","12":"tag-toyota"},"_links":{"self":[{"href":"https:\/\/diariodelujan.com\/xdeporte\/wp-json\/wp\/v2\/posts\/14814","targetHints":{"allow":["GET"]}}],"collection":[{"href":"https:\/\/diariodelujan.com\/xdeporte\/wp-json\/wp\/v2\/posts"}],"about":[{"href":"https:\/\/diariodelujan.com\/xdeporte\/wp-json\/wp\/v2\/types\/post"}],"author":[{"embeddable":true,"href":"https:\/\/diariodelujan.com\/xdeporte\/wp-json\/wp\/v2\/users\/4"}],"replies":[{"embeddable":true,"href":"https:\/\/diariodelujan.com\/xdeporte\/wp-json\/wp\/v2\/comments?post=14814"}],"version-history":[{"count":6,"href":"https:\/\/diariodelujan.com\/xdeporte\/wp-json\/wp\/v2\/posts\/14814\/revisions"}],"predecessor-version":[{"id":14823,"href":"https:\/\/diariodelujan.com\/xdeporte\/wp-json\/wp\/v2\/posts\/14814\/revisions\/14823"}],"wp:featuredmedia":[{"embeddable":true,"href":"https:\/\/diariodelujan.com\/xdeporte\/wp-json\/wp\/v2\/media\/14820"}],"wp:attachment":[{"href":"https:\/\/diariodelujan.com\/xdeporte\/wp-json\/wp\/v2\/media?parent=14814"}],"wp:term":[{"taxonomy":"category","embeddable":true,"href":"https:\/\/diariodelujan.com\/xdeporte\/wp-json\/wp\/v2\/categories?post=14814"},{"taxonomy":"post_tag","embeddable":true,"href":"https:\/\/diariodelujan.com\/xdeporte\/wp-json\/wp\/v2\/tags?post=14814"}],"curies":[{"name":"wp","href":"https:\/\/api.w.org\/{rel}","templated":true}]}}