{"id":14828,"date":"2024-10-13T23:09:07","date_gmt":"2024-10-14T02:09:07","guid":{"rendered":"https:\/\/diariodelujan.com\/xdeporte\/?p=14828"},"modified":"2024-10-15T23:11:02","modified_gmt":"2024-10-16T02:11:02","slug":"flandria-gano-ante-argentino","status":"publish","type":"post","link":"https:\/\/diariodelujan.com\/xdeporte\/flandria-gano-ante-argentino\/","title":{"rendered":"Flandria gan\u00f3 y se mantiene en el reducido"},"content":{"rendered":"<p><span style=\"font-family: georgia, palatino, serif; font-size: 14pt;\"><em>Este domingo, la Academia recibi\u00f3 al Canario en Merlo, en donde Flandria gan\u00f3 y se asegur\u00f3 el puesto de reducido. Su pr\u00f3ximo rival ser\u00e1 Italiano.<\/em><\/span><\/p>\n<p><!--more--><\/p>\n<p>En el marco de la fecha 18 del Clausura, <a href=\"https:\/\/www.facebook.com\/ClubsydFlandria\" target=\"_blank\" rel=\"noopener\">Flandria<\/a> gan\u00f3 ante Argentino de Merlo como visitante y se mantuvo dentro del reducido. <a href=\"https:\/\/diariodelujan.com\/xdeporte\/dia-del-hincha-triunfo\/\" target=\"_blank\" rel=\"noopener\">Tras derrotar a Liniers por 2 a 0<\/a>, el Canario volvi\u00f3 a repetir resultado y ahora se preparar\u00e1 para en su contra Italiano.<\/p>\n<p>El partido arranc\u00f3 con un Canario que se volvi\u00f3 protagonista en cancha ajena. A poco del arranque, Z\u00e1rate remat\u00f3 al arco de Vaccaneo, pero este rechaz\u00f3 el zapatazo y la pelota qued\u00f3 en los pies de Cristian Cuenca, quien volvi\u00f3 a intentar y esta vez si pudo convertir el primero de la visita.<\/p>\n<p>El local parec\u00eda decidido a lograr el empate antes del descanso, pero Flandria aguant\u00f3 firme y mantuvo la ventaja. Con el 1-0 parcial a favor de la visita, ambos se fueron al entretiempo.<\/p>\n<p>En la segunda mitad, la Academia estuvo cerca del empate, tras un intento de Gim\u00e9nez que se fue cerca del palo derecho de D\u00edaz.<\/p>\n<p>A los 35 minutos, sin embargo, los de J\u00e1uregui se pusieron a dos tantos de distancia. Agust\u00edn Anacaratti, en su debut en primera, recibi\u00f3 la pelota solo en el \u00e1rea rival y se encarg\u00f3 de marcar el segundo y sellar el 2-0 definitivo para Flandria.<\/p>\n<h4><strong>Flandria gan\u00f3 y ahora se prepara para enfrentar a Italiano<\/strong><\/h4>\n<p>Con este resultado, los dirigidos por Davio se mantienen en la lucha por el ascenso y en la pr\u00f3xima fecha recibir\u00e1n a Sportivo Italiano.<\/p>\n","protected":false},"excerpt":{"rendered":"<p>Este domingo, la Academia recibi\u00f3 al Canario en Merlo, en donde Flandria gan\u00f3 y se asegur\u00f3 el puesto de reducido. Su pr\u00f3ximo rival ser\u00e1 Italiano.<\/p>\n","protected":false},"author":4,"featured_media":14693,"comment_status":"closed","ping_status":"closed","sticky":false,"template":"","format":"standard","meta":{"tdm_status":"","tdm_grid_status":"","footnotes":""},"categories":[8,2],"tags":[],"class_list":{"0":"post-14828","1":"post","2":"type-post","3":"status-publish","4":"format-standard","5":"has-post-thumbnail","7":"category-futbol","8":"category-featured"},"_links":{"self":[{"href":"https:\/\/diariodelujan.com\/xdeporte\/wp-json\/wp\/v2\/posts\/14828","targetHints":{"allow":["GET"]}}],"collection":[{"href":"https:\/\/diariodelujan.com\/xdeporte\/wp-json\/wp\/v2\/posts"}],"about":[{"href":"https:\/\/diariodelujan.com\/xdeporte\/wp-json\/wp\/v2\/types\/post"}],"author":[{"embeddable":true,"href":"https:\/\/diariodelujan.com\/xdeporte\/wp-json\/wp\/v2\/users\/4"}],"replies":[{"embeddable":true,"href":"https:\/\/diariodelujan.com\/xdeporte\/wp-json\/wp\/v2\/comments?post=14828"}],"version-history":[{"count":2,"href":"https:\/\/diariodelujan.com\/xdeporte\/wp-json\/wp\/v2\/posts\/14828\/revisions"}],"predecessor-version":[{"id":14830,"href":"https:\/\/diariodelujan.com\/xdeporte\/wp-json\/wp\/v2\/posts\/14828\/revisions\/14830"}],"wp:featuredmedia":[{"embeddable":true,"href":"https:\/\/diariodelujan.com\/xdeporte\/wp-json\/wp\/v2\/media\/14693"}],"wp:attachment":[{"href":"https:\/\/diariodelujan.com\/xdeporte\/wp-json\/wp\/v2\/media?parent=14828"}],"wp:term":[{"taxonomy":"category","embeddable":true,"href":"https:\/\/diariodelujan.com\/xdeporte\/wp-json\/wp\/v2\/categories?post=14828"},{"taxonomy":"post_tag","embeddable":true,"href":"https:\/\/diariodelujan.com\/xdeporte\/wp-json\/wp\/v2\/tags?post=14828"}],"curies":[{"name":"wp","href":"https:\/\/api.w.org\/{rel}","templated":true}]}}