{"id":14890,"date":"2024-10-23T22:05:17","date_gmt":"2024-10-24T01:05:17","guid":{"rendered":"https:\/\/diariodelujan.com\/xdeporte\/?p=14890"},"modified":"2024-10-24T11:27:00","modified_gmt":"2024-10-24T14:27:00","slug":"lujan-jugara-a-puertas-cerradas","status":"publish","type":"post","link":"https:\/\/diariodelujan.com\/xdeporte\/lujan-jugara-a-puertas-cerradas\/","title":{"rendered":"Luj\u00e1n jugar\u00e1 a puertas cerradas ante Victoriano Arenas"},"content":{"rendered":"<p><em><span style=\"font-family: georgia, palatino, serif; font-size: 14pt;\">Tras el apriete de la barrabrava a los futbolistas, Luj\u00e1n jugar\u00e1 a puertas cerradas su pr\u00f3ximo partido ante Victoriano Arenas, en el estadio 1\u00b0 de Abril.<\/span><\/em><\/p>\n<p><!--more--><\/p>\n<p><span style=\"font-family: arial, helvetica, sans-serif;\">El pasado domingo, el equipo lujanense perdi\u00f3 2 a 0 frente a su cl\u00e1sico rival, Alem, en General Rodr\u00edguez. Debido al incidente ocurrido esta semana, la APreViDe dictamin\u00f3 que Luj\u00e1n jugar\u00e1 a puertas cerradas su pr\u00f3ximo partido.<\/span><\/p>\n<p><span style=\"font-family: arial, helvetica, sans-serif;\">Tras la derrota de Luj\u00e1n, la cual signific\u00f3 su cuarto partido consecutivo sin victorias, Gerardo Garate dej\u00f3 su cargo como Director T\u00e9cnico del club. Tras todo esto, un grupo de barrabravas increp\u00f3 a los futbolistas cuando se presentaron a entrenar en el complejo de San Emilio.{<\/span><\/p>\n<h4><strong><span style=\"font-family: arial, helvetica, sans-serif; font-size: 14pt;\">APreViDe sancion\u00f3 que Luj\u00e1n jugar\u00e1 a puertas cerradas<\/span><\/strong><\/h4>\n<p><span style=\"font-family: arial, helvetica, sans-serif;\">Ante esta situaci\u00f3n, la Agencia de Prevenci\u00f3n de la Violencia en el Deporte (APreViDe) tom\u00f3 la decisi\u00f3n de que el pr\u00f3ximo partido del Lujanero, a disputarse el s\u00e1bado 26 de octubre ante Victoriano Arenas en el Estadio 1\u00b0 de Abril, se llevar\u00e1 a cabo a puertas cerradas.<\/span><\/p>\n<p><a href=\"https:\/\/diariodelujan.com\/xdeporte\/wp-content\/uploads\/2024\/10\/Lujan-sin-publico.webp\"><img loading=\"lazy\" decoding=\"async\" class=\"alignnone size-full wp-image-14897\" src=\"https:\/\/diariodelujan.com\/xdeporte\/wp-content\/uploads\/2024\/10\/Lujan-sin-publico.webp\" alt=\"Luj\u00e1n sin publico\" width=\"696\" height=\"459\" title=\"\" srcset=\"https:\/\/diariodelujan.com\/xdeporte\/wp-content\/uploads\/2024\/10\/Lujan-sin-publico.webp 696w, https:\/\/diariodelujan.com\/xdeporte\/wp-content\/uploads\/2024\/10\/Lujan-sin-publico-300x198.webp 300w, https:\/\/diariodelujan.com\/xdeporte\/wp-content\/uploads\/2024\/10\/Lujan-sin-publico-637x420.webp 637w\" sizes=\"auto, (max-width: 696px) 100vw, 696px\" \/><\/a><\/p>\n<p><span style=\"font-family: arial, helvetica, sans-serif;\">El <a href=\"https:\/\/www.facebook.com\/www.clublujan.com.ar\" target=\"_blank\" rel=\"noopener\">Club Luj\u00e1n<\/a> expres\u00f3 su descontento a trav\u00e9s de un comunicado oficial dirigido a sus socios, donde lamentaron profundamente que la instituci\u00f3n vuelva a ser castigada por incidentes vinculados a la violencia en el deporte. \u201cOtra sanci\u00f3n que no solo golpea el incansable esfuerzo por erradicar la violencia, sino que tambi\u00e9n afecta una vez m\u00e1s a la econom\u00eda del club y a los socios que realmente aportan, sostienen y acompa\u00f1an con verdadero compromiso el crecimiento institucional sostenido de los \u00faltimos a\u00f1os\u201d, se\u00f1ala el comunicado.<\/span><\/p>\n<p><span style=\"font-family: arial, helvetica, sans-serif;\">Pese a las dificultades, desde la dirigencia manifestaron su compromiso por seguir trabajando para promover un ambiente de fraternidad, familia y valores en el club, pidiendo el apoyo de la comunidad para superar este momento complejo.<\/span><\/p>\n<p><span style=\"font-family: arial, helvetica, sans-serif;\">El s\u00e1bado, cuando Luj\u00e1n reciba a Victoriano Arenas en un partido crucial, Santiago Fredes debutar\u00e1 como entrenador interino, tras haber asumido el mando del equipo luego de la salida de Garate.<\/span><\/p>\n","protected":false},"excerpt":{"rendered":"<p>Tras el apriete de la barrabrava a los futbolistas, Luj\u00e1n jugar\u00e1 a puertas cerradas su pr\u00f3ximo partido ante Victoriano Arenas, en el estadio 1\u00b0 de Abril.<\/p>\n","protected":false},"author":3,"featured_media":14900,"comment_status":"closed","ping_status":"closed","sticky":false,"template":"","format":"standard","meta":{"tdm_status":"","tdm_grid_status":"","footnotes":""},"categories":[8,2],"tags":[173,117,130,348,349],"class_list":{"0":"post-14890","1":"post","2":"type-post","3":"status-publish","4":"format-standard","5":"has-post-thumbnail","7":"category-futbol","8":"category-featured","9":"tag-futbol","10":"tag-lujan","11":"tag-primera-c","12":"tag-puertas-cerradas","13":"tag-sin-publico"},"_links":{"self":[{"href":"https:\/\/diariodelujan.com\/xdeporte\/wp-json\/wp\/v2\/posts\/14890","targetHints":{"allow":["GET"]}}],"collection":[{"href":"https:\/\/diariodelujan.com\/xdeporte\/wp-json\/wp\/v2\/posts"}],"about":[{"href":"https:\/\/diariodelujan.com\/xdeporte\/wp-json\/wp\/v2\/types\/post"}],"author":[{"embeddable":true,"href":"https:\/\/diariodelujan.com\/xdeporte\/wp-json\/wp\/v2\/users\/3"}],"replies":[{"embeddable":true,"href":"https:\/\/diariodelujan.com\/xdeporte\/wp-json\/wp\/v2\/comments?post=14890"}],"version-history":[{"count":4,"href":"https:\/\/diariodelujan.com\/xdeporte\/wp-json\/wp\/v2\/posts\/14890\/revisions"}],"predecessor-version":[{"id":14895,"href":"https:\/\/diariodelujan.com\/xdeporte\/wp-json\/wp\/v2\/posts\/14890\/revisions\/14895"}],"wp:featuredmedia":[{"embeddable":true,"href":"https:\/\/diariodelujan.com\/xdeporte\/wp-json\/wp\/v2\/media\/14900"}],"wp:attachment":[{"href":"https:\/\/diariodelujan.com\/xdeporte\/wp-json\/wp\/v2\/media?parent=14890"}],"wp:term":[{"taxonomy":"category","embeddable":true,"href":"https:\/\/diariodelujan.com\/xdeporte\/wp-json\/wp\/v2\/categories?post=14890"},{"taxonomy":"post_tag","embeddable":true,"href":"https:\/\/diariodelujan.com\/xdeporte\/wp-json\/wp\/v2\/tags?post=14890"}],"curies":[{"name":"wp","href":"https:\/\/api.w.org\/{rel}","templated":true}]}}