{"id":14901,"date":"2024-10-24T11:34:15","date_gmt":"2024-10-24T14:34:15","guid":{"rendered":"https:\/\/diariodelujan.com\/xdeporte\/?p=14901"},"modified":"2024-10-24T11:39:35","modified_gmt":"2024-10-24T14:39:35","slug":"4-etapa-del-gran-premio","status":"publish","type":"post","link":"https:\/\/diariodelujan.com\/xdeporte\/4-etapa-del-gran-premio\/","title":{"rendered":"Berisso y su Volvo se impusieron el 4\u00b0 etapa del Gran Premio"},"content":{"rendered":"<h6><span style=\"font-family: georgia, palatino, serif; font-size: 14pt;\"><em>Carlos Berisso, tres veces campe\u00f3n de la cita m\u00e1xima de la regularidad nacional en ruta volvi\u00f3 a imponerse este mi\u00e9rcoles en otra etapa del Gran Premio Argentino Hist\u00f3rico 2024.<\/em><\/span><!--more--><\/h6>\n<p>La jornada comenz\u00f3 bien temprano a orillas del lago L\u00e1car en la <a href=\"https:\/\/www.diariodelujan.com\/turismo-sin-previaje\/\">tur\u00edstica San Mart\u00edn de Los Andes<\/a>, donde el caracter\u00edstico canto de las bandurrias fue acallado por el rugir de los motores a la hora de la largada.<\/p>\n<p>El secretario de turismo de la localidad, Alejandro Apaolazza, salud\u00f3 junto a Vicepresidente del <a href=\"https:\/\/www.aca.org.ar\/\" target=\"_blank\" rel=\"noopener\">ACA<\/a>, Jorge Revello a los competidores.<\/p>\n<p>Durante la ma\u00f1ana el recorrido por la escuder\u00eda Norte fue espectacular. La emblem\u00e1tica ruta nacional 40 los llev\u00f3 hasta la proximidades del volc\u00e1n Lanin que luc\u00eda cubierto de nieve.<\/p>\n<p>De all\u00ed empalmaron con la ruta provincial 23 hacia el norte, que desafi\u00f3 a las reliquias rodantes con un trayecto muy sinuoso siempre costeando el voluminoso rio Alumin\u00e9. Las subidas y bajadas se iban sucediendo a la vez que el asfalto dejaba paso primero a la tierra con algo de &#8220;serrucho&#8221; y despu\u00e9s a la piedra. La polvareda anunciaba a lo lejos la presencia de la carrera.<\/p>\n\r\n                <style type=\"text\/css\">\r\n                    \r\n                    #tdi_1  .td-doubleSlider-2 .td-item1 {\r\n                        background: url(https:\/\/diariodelujan.com\/xdeporte\/wp-content\/uploads\/2024\/10\/E4.Parque-de-largada-frente-a-lago-Lacar-en-SMA-80x60.webp) 0 0 no-repeat;\r\n                    }\r\n                    #tdi_1  .td-doubleSlider-2 .td-item2 {\r\n                        background: url(https:\/\/diariodelujan.com\/xdeporte\/wp-content\/uploads\/2024\/10\/E4.El-Falcon-de-Carletti-trepando-a-fondo-en-Rahue-80x60.webp) 0 0 no-repeat;\r\n                    }\r\n                    #tdi_1  .td-doubleSlider-2 .td-item3 {\r\n                        background: url(https:\/\/diariodelujan.com\/xdeporte\/wp-content\/uploads\/2024\/10\/E4.Cascos-blancos-con-Lanin-80x60.webp) 0 0 no-repeat;\r\n                    }\r\n                <\/style>\r\n\r\n                <div id=\"tdi_1\" class=\"td-gallery td-slide-on-2-columns\">\r\n                    <div class=\"post_td_gallery\">\r\n                        <div class=\"td-gallery-slide-top\">\r\n                           <div class=\"td-gallery-title\"><\/div>\r\n\r\n                            <div class=\"td-gallery-controls-wrapper\">\r\n                                <div class=\"td-gallery-slide-count\"><span class=\"td-gallery-slide-item-focus\">1<\/span> de 3<\/div>\r\n                                <div class=\"td-gallery-slide-prev-next-but\">\r\n                                    <i class = \"td-icon-left doubleSliderPrevButton\"><\/i>\r\n                                    <i class = \"td-icon-right doubleSliderNextButton\"><\/i>\r\n                                <\/div>\r\n                            <\/div>\r\n                        <\/div>\r\n\r\n                        <div class = \"td-doubleSlider-1 \">\r\n                            <div class = \"td-slider\">\r\n                                \r\n                    <div class = \"td-slide-item td-item1\">\r\n                        <figure class=\"td-slide-galery-figure td-slide-popup-gallery\">\r\n                            <a class=\"slide-gallery-image-link\" href=\"https:\/\/diariodelujan.com\/xdeporte\/wp-content\/uploads\/2024\/10\/E4.Parque-de-largada-frente-a-lago-Lacar-en-SMA.webp\" title=\"E4.Parque de largada frente a lago L\u00e1car en SMA\" data-caption=\"\" data-description=\"\">\r\n                                <img decoding=\"async\" src=\"https:\/\/diariodelujan.com\/xdeporte\/wp-content\/uploads\/2024\/10\/E4.Parque-de-largada-frente-a-lago-Lacar-en-SMA-630x420.webp\" srcset=\"https:\/\/diariodelujan.com\/xdeporte\/wp-content\/uploads\/2024\/10\/E4.Parque-de-largada-frente-a-lago-Lacar-en-SMA-630x420.webp 630w, https:\/\/diariodelujan.com\/xdeporte\/wp-content\/uploads\/2024\/10\/E4.Parque-de-largada-frente-a-lago-Lacar-en-SMA-300x200.webp 300w, https:\/\/diariodelujan.com\/xdeporte\/wp-content\/uploads\/2024\/10\/E4.Parque-de-largada-frente-a-lago-Lacar-en-SMA-768x512.webp 768w, https:\/\/diariodelujan.com\/xdeporte\/wp-content\/uploads\/2024\/10\/E4.Parque-de-largada-frente-a-lago-Lacar-en-SMA-696x464.webp 696w, https:\/\/diariodelujan.com\/xdeporte\/wp-content\/uploads\/2024\/10\/E4.Parque-de-largada-frente-a-lago-Lacar-en-SMA.webp 900w\" sizes=\"(max-width: 630px) 100vw, 630px\" alt=\"4&deg; etapa del Gran Premio\" title=\"\">\r\n                            <\/a>\r\n                            \r\n                        <\/figure>\r\n                    <\/div>\r\n                    <div class = \"td-slide-item td-item2\">\r\n                        <figure class=\"td-slide-galery-figure td-slide-popup-gallery\">\r\n                            <a class=\"slide-gallery-image-link\" href=\"https:\/\/diariodelujan.com\/xdeporte\/wp-content\/uploads\/2024\/10\/E4.El-Falcon-de-Carletti-trepando-a-fondo-en-Rahue.webp\" title=\"E4.El Falcon de Carletti trepando a fondo en Rahue\" data-caption=\"\" data-description=\"\">\r\n                                <img decoding=\"async\" src=\"https:\/\/diariodelujan.com\/xdeporte\/wp-content\/uploads\/2024\/10\/E4.El-Falcon-de-Carletti-trepando-a-fondo-en-Rahue-630x420.webp\" srcset=\"https:\/\/diariodelujan.com\/xdeporte\/wp-content\/uploads\/2024\/10\/E4.El-Falcon-de-Carletti-trepando-a-fondo-en-Rahue-630x420.webp 630w, https:\/\/diariodelujan.com\/xdeporte\/wp-content\/uploads\/2024\/10\/E4.El-Falcon-de-Carletti-trepando-a-fondo-en-Rahue-300x200.webp 300w, https:\/\/diariodelujan.com\/xdeporte\/wp-content\/uploads\/2024\/10\/E4.El-Falcon-de-Carletti-trepando-a-fondo-en-Rahue-768x512.webp 768w, https:\/\/diariodelujan.com\/xdeporte\/wp-content\/uploads\/2024\/10\/E4.El-Falcon-de-Carletti-trepando-a-fondo-en-Rahue-696x464.webp 696w, https:\/\/diariodelujan.com\/xdeporte\/wp-content\/uploads\/2024\/10\/E4.El-Falcon-de-Carletti-trepando-a-fondo-en-Rahue.webp 900w\" sizes=\"(max-width: 630px) 100vw, 630px\" alt=\"4&deg; etapa del Gran Premio\" title=\"\">\r\n                            <\/a>\r\n                            \r\n                        <\/figure>\r\n                    <\/div>\r\n                    <div class = \"td-slide-item td-item3\">\r\n                        <figure class=\"td-slide-galery-figure td-slide-popup-gallery\">\r\n                            <a class=\"slide-gallery-image-link\" href=\"https:\/\/diariodelujan.com\/xdeporte\/wp-content\/uploads\/2024\/10\/E4.Cascos-blancos-con-Lanin.webp\" title=\"E4.Cascos blancos con Lanin\" data-caption=\"\" data-description=\"\">\r\n                                <img decoding=\"async\" src=\"https:\/\/diariodelujan.com\/xdeporte\/wp-content\/uploads\/2024\/10\/E4.Cascos-blancos-con-Lanin-630x420.webp\" srcset=\"https:\/\/diariodelujan.com\/xdeporte\/wp-content\/uploads\/2024\/10\/E4.Cascos-blancos-con-Lanin-630x420.webp 630w, https:\/\/diariodelujan.com\/xdeporte\/wp-content\/uploads\/2024\/10\/E4.Cascos-blancos-con-Lanin-300x200.webp 300w, https:\/\/diariodelujan.com\/xdeporte\/wp-content\/uploads\/2024\/10\/E4.Cascos-blancos-con-Lanin-768x512.webp 768w, https:\/\/diariodelujan.com\/xdeporte\/wp-content\/uploads\/2024\/10\/E4.Cascos-blancos-con-Lanin-696x464.webp 696w, https:\/\/diariodelujan.com\/xdeporte\/wp-content\/uploads\/2024\/10\/E4.Cascos-blancos-con-Lanin.webp 900w\" sizes=\"(max-width: 630px) 100vw, 630px\" alt=\"4&deg; etapa del Gran Premio\" title=\"\">\r\n                            <\/a>\r\n                            \r\n                        <\/figure>\r\n                    <\/div>\r\n                            <\/div>\r\n                        <\/div>\r\n\r\n                        <div class = \"td-doubleSlider-2\">\r\n                            <div class = \"td-slider\">\r\n                                \r\n                    <div class = \"td-button td-item1\">\r\n                        <div class = \"td-border\"><\/div>\r\n                    <\/div>\r\n                    <div class = \"td-button td-item2\">\r\n                        <div class = \"td-border\"><\/div>\r\n                    <\/div>\r\n                    <div class = \"td-button td-item3\">\r\n                        <div class = \"td-border\"><\/div>\r\n                    <\/div>\r\n                            <\/div>\r\n                        <\/div>\r\n\r\n                    <\/div>\r\n\r\n                <\/div>\r\n                \n<p>Trabad\u00edsimo ascenso a Rahue sobre piso de tierra y por sus caracter\u00edsticos caracoles result\u00f3 lo destacado del d\u00eda.<\/p>\n<p>Lo sucedieron el no menos vistoso paso por el Espinazo del Zorro y por el Parque Nacional Laguna Blanca situado a 1200 metros\u00a0 sobre el nivel del mar, aunque ya por la ruta provincial 46.<\/p>\n<p>Al llegar a la estaci\u00f3n <a href=\"https:\/\/www.ypf.com\/\" target=\"_blank\" rel=\"noopener\">YPF<\/a> del ACA el p\u00fablico pudo interactuar con los intr\u00e9pidos volantes y tomarse fotos con las joyas mec\u00e1nicas. el regreso a Neuqu\u00e9n fue por las misma ruta 22 transitada el lunes su habitual tr\u00e1fico.<\/p>\n<p>As\u00ed, las condiciones descriptas le cayeron de maravillas a la tripulaci\u00f3n de Volvo 122 quienes ven\u00edan expectantes en el segundo lugar. ahora lideran con una luz de segundo 74\u00a0 cent\u00e9simas sobre los Zaccarias, padre e hijo con el Peugeot 404. Al tercer puesto cayeron Uberti-Nasazzi. punteros hasta San Mart\u00edn de los Andes.<\/p>\n\r\n                <style type=\"text\/css\">\r\n                    \r\n                    #tdi_2  .td-doubleSlider-2 .td-item1 {\r\n                        background: url(https:\/\/diariodelujan.com\/xdeporte\/wp-content\/uploads\/2024\/10\/E4.Ascenso-en-los-caracoles-de-Rahue-80x60.webp) 0 0 no-repeat;\r\n                    }\r\n                    #tdi_2  .td-doubleSlider-2 .td-item2 {\r\n                        background: url(https:\/\/diariodelujan.com\/xdeporte\/wp-content\/uploads\/2024\/10\/E4.Brea-Garcia-Mercedes-Benz-220-en-Espinazo-del-Zorro-80x60.webp) 0 0 no-repeat;\r\n                    }\r\n                    #tdi_2  .td-doubleSlider-2 .td-item3 {\r\n                        background: url(https:\/\/diariodelujan.com\/xdeporte\/wp-content\/uploads\/2024\/10\/E4.Apaolazza-y-Revello-en-largada-San-Martin-de-los-Andes-2-80x60.webp) 0 0 no-repeat;\r\n                    }\r\n                <\/style>\r\n\r\n                <div id=\"tdi_2\" class=\"td-gallery td-slide-on-2-columns\">\r\n                    <div class=\"post_td_gallery\">\r\n                        <div class=\"td-gallery-slide-top\">\r\n                           <div class=\"td-gallery-title\"><\/div>\r\n\r\n                            <div class=\"td-gallery-controls-wrapper\">\r\n                                <div class=\"td-gallery-slide-count\"><span class=\"td-gallery-slide-item-focus\">1<\/span> de 3<\/div>\r\n                                <div class=\"td-gallery-slide-prev-next-but\">\r\n                                    <i class = \"td-icon-left doubleSliderPrevButton\"><\/i>\r\n                                    <i class = \"td-icon-right doubleSliderNextButton\"><\/i>\r\n                                <\/div>\r\n                            <\/div>\r\n                        <\/div>\r\n\r\n                        <div class = \"td-doubleSlider-1 \">\r\n                            <div class = \"td-slider\">\r\n                                \r\n                    <div class = \"td-slide-item td-item1\">\r\n                        <figure class=\"td-slide-galery-figure td-slide-popup-gallery\">\r\n                            <a class=\"slide-gallery-image-link\" href=\"https:\/\/diariodelujan.com\/xdeporte\/wp-content\/uploads\/2024\/10\/E4.Ascenso-en-los-caracoles-de-Rahue.webp\" title=\"E4.Ascenso en los caracoles de Rahue\" data-caption=\"\" data-description=\"\">\r\n                                <img decoding=\"async\" src=\"https:\/\/diariodelujan.com\/xdeporte\/wp-content\/uploads\/2024\/10\/E4.Ascenso-en-los-caracoles-de-Rahue-630x420.webp\" srcset=\"https:\/\/diariodelujan.com\/xdeporte\/wp-content\/uploads\/2024\/10\/E4.Ascenso-en-los-caracoles-de-Rahue-630x420.webp 630w, https:\/\/diariodelujan.com\/xdeporte\/wp-content\/uploads\/2024\/10\/E4.Ascenso-en-los-caracoles-de-Rahue-300x200.webp 300w, https:\/\/diariodelujan.com\/xdeporte\/wp-content\/uploads\/2024\/10\/E4.Ascenso-en-los-caracoles-de-Rahue-768x512.webp 768w, https:\/\/diariodelujan.com\/xdeporte\/wp-content\/uploads\/2024\/10\/E4.Ascenso-en-los-caracoles-de-Rahue-696x464.webp 696w, https:\/\/diariodelujan.com\/xdeporte\/wp-content\/uploads\/2024\/10\/E4.Ascenso-en-los-caracoles-de-Rahue.webp 900w\" sizes=\"(max-width: 630px) 100vw, 630px\" alt=\"4&deg; etapa del Gran Premio\" title=\"\">\r\n                            <\/a>\r\n                            \r\n                        <\/figure>\r\n                    <\/div>\r\n                    <div class = \"td-slide-item td-item2\">\r\n                        <figure class=\"td-slide-galery-figure td-slide-popup-gallery\">\r\n                            <a class=\"slide-gallery-image-link\" href=\"https:\/\/diariodelujan.com\/xdeporte\/wp-content\/uploads\/2024\/10\/E4.Brea-Garcia-Mercedes-Benz-220-en-Espinazo-del-Zorro.webp\" title=\"E4.Brea-Garcia Mercedes Benz 220 en Espinazo del Zorro\" data-caption=\"\" data-description=\"\">\r\n                                <img decoding=\"async\" src=\"https:\/\/diariodelujan.com\/xdeporte\/wp-content\/uploads\/2024\/10\/E4.Brea-Garcia-Mercedes-Benz-220-en-Espinazo-del-Zorro-630x420.webp\" srcset=\"https:\/\/diariodelujan.com\/xdeporte\/wp-content\/uploads\/2024\/10\/E4.Brea-Garcia-Mercedes-Benz-220-en-Espinazo-del-Zorro-630x420.webp 630w, https:\/\/diariodelujan.com\/xdeporte\/wp-content\/uploads\/2024\/10\/E4.Brea-Garcia-Mercedes-Benz-220-en-Espinazo-del-Zorro-300x200.webp 300w, https:\/\/diariodelujan.com\/xdeporte\/wp-content\/uploads\/2024\/10\/E4.Brea-Garcia-Mercedes-Benz-220-en-Espinazo-del-Zorro-768x512.webp 768w, https:\/\/diariodelujan.com\/xdeporte\/wp-content\/uploads\/2024\/10\/E4.Brea-Garcia-Mercedes-Benz-220-en-Espinazo-del-Zorro-696x464.webp 696w, https:\/\/diariodelujan.com\/xdeporte\/wp-content\/uploads\/2024\/10\/E4.Brea-Garcia-Mercedes-Benz-220-en-Espinazo-del-Zorro.webp 900w\" sizes=\"(max-width: 630px) 100vw, 630px\" alt=\"4&deg; etapa del Gran Premio\" title=\"\">\r\n                            <\/a>\r\n                            \r\n                        <\/figure>\r\n                    <\/div>\r\n                    <div class = \"td-slide-item td-item3\">\r\n                        <figure class=\"td-slide-galery-figure td-slide-popup-gallery\">\r\n                            <a class=\"slide-gallery-image-link\" href=\"https:\/\/diariodelujan.com\/xdeporte\/wp-content\/uploads\/2024\/10\/E4.Apaolazza-y-Revello-en-largada-San-Martin-de-los-Andes-2.webp\" title=\"E4.Apaolazza y Revello en largada San Martin de los Andes 2\" data-caption=\"\" data-description=\"\">\r\n                                <img decoding=\"async\" src=\"https:\/\/diariodelujan.com\/xdeporte\/wp-content\/uploads\/2024\/10\/E4.Apaolazza-y-Revello-en-largada-San-Martin-de-los-Andes-2-630x420.webp\" srcset=\"https:\/\/diariodelujan.com\/xdeporte\/wp-content\/uploads\/2024\/10\/E4.Apaolazza-y-Revello-en-largada-San-Martin-de-los-Andes-2-630x420.webp 630w, https:\/\/diariodelujan.com\/xdeporte\/wp-content\/uploads\/2024\/10\/E4.Apaolazza-y-Revello-en-largada-San-Martin-de-los-Andes-2-300x200.webp 300w, https:\/\/diariodelujan.com\/xdeporte\/wp-content\/uploads\/2024\/10\/E4.Apaolazza-y-Revello-en-largada-San-Martin-de-los-Andes-2-768x512.webp 768w, https:\/\/diariodelujan.com\/xdeporte\/wp-content\/uploads\/2024\/10\/E4.Apaolazza-y-Revello-en-largada-San-Martin-de-los-Andes-2-696x464.webp 696w, https:\/\/diariodelujan.com\/xdeporte\/wp-content\/uploads\/2024\/10\/E4.Apaolazza-y-Revello-en-largada-San-Martin-de-los-Andes-2.webp 900w\" sizes=\"(max-width: 630px) 100vw, 630px\" alt=\"4&deg; etapa del Gran Premio\" title=\"\">\r\n                            <\/a>\r\n                            \r\n                        <\/figure>\r\n                    <\/div>\r\n                            <\/div>\r\n                        <\/div>\r\n\r\n                        <div class = \"td-doubleSlider-2\">\r\n                            <div class = \"td-slider\">\r\n                                \r\n                    <div class = \"td-button td-item1\">\r\n                        <div class = \"td-border\"><\/div>\r\n                    <\/div>\r\n                    <div class = \"td-button td-item2\">\r\n                        <div class = \"td-border\"><\/div>\r\n                    <\/div>\r\n                    <div class = \"td-button td-item3\">\r\n                        <div class = \"td-border\"><\/div>\r\n                    <\/div>\r\n                            <\/div>\r\n                        <\/div>\r\n\r\n                    <\/div>\r\n\r\n                <\/div>\r\n                \n<p>En la trig\u00e9simo segunda posici\u00f3n general se encuentran los mejores hasta el momento en categor\u00eda veloc\u00edmetro: los rosarinos Colombi-Garc\u00eda con BMW 320. seguidos de los Lai\u00f1o (Renault 12) y por Gonz\u00e1lez-Duran (Ford Escort Sport).<\/p>\n<p>Mientras en la categor\u00eda Turismo Carretera, Hector Pardal y Agust\u00edn Vergagni dominan a voluntad con Torino Liebre de 1971, ocupando la vigesimoquinta posici\u00f3n absoluta.<\/p>\n","protected":false},"excerpt":{"rendered":"<p>Carlos Berisso, tres veces campe\u00f3n de la cita m\u00e1xima de la regularidad nacional en ruta volvi\u00f3 a imponerse este mi\u00e9rcoles en otra etapa del Gran Premio Argentino Hist\u00f3rico 2024.<\/p>\n","protected":false},"author":4,"featured_media":14903,"comment_status":"closed","ping_status":"closed","sticky":false,"template":"","format":"standard","meta":{"tdm_status":"","tdm_grid_status":"","footnotes":""},"categories":[13,2],"tags":[],"class_list":{"0":"post-14901","1":"post","2":"type-post","3":"status-publish","4":"format-standard","5":"has-post-thumbnail","7":"category-motor","8":"category-featured"},"_links":{"self":[{"href":"https:\/\/diariodelujan.com\/xdeporte\/wp-json\/wp\/v2\/posts\/14901","targetHints":{"allow":["GET"]}}],"collection":[{"href":"https:\/\/diariodelujan.com\/xdeporte\/wp-json\/wp\/v2\/posts"}],"about":[{"href":"https:\/\/diariodelujan.com\/xdeporte\/wp-json\/wp\/v2\/types\/post"}],"author":[{"embeddable":true,"href":"https:\/\/diariodelujan.com\/xdeporte\/wp-json\/wp\/v2\/users\/4"}],"replies":[{"embeddable":true,"href":"https:\/\/diariodelujan.com\/xdeporte\/wp-json\/wp\/v2\/comments?post=14901"}],"version-history":[{"count":4,"href":"https:\/\/diariodelujan.com\/xdeporte\/wp-json\/wp\/v2\/posts\/14901\/revisions"}],"predecessor-version":[{"id":14911,"href":"https:\/\/diariodelujan.com\/xdeporte\/wp-json\/wp\/v2\/posts\/14901\/revisions\/14911"}],"wp:featuredmedia":[{"embeddable":true,"href":"https:\/\/diariodelujan.com\/xdeporte\/wp-json\/wp\/v2\/media\/14903"}],"wp:attachment":[{"href":"https:\/\/diariodelujan.com\/xdeporte\/wp-json\/wp\/v2\/media?parent=14901"}],"wp:term":[{"taxonomy":"category","embeddable":true,"href":"https:\/\/diariodelujan.com\/xdeporte\/wp-json\/wp\/v2\/categories?post=14901"},{"taxonomy":"post_tag","embeddable":true,"href":"https:\/\/diariodelujan.com\/xdeporte\/wp-json\/wp\/v2\/tags?post=14901"}],"curies":[{"name":"wp","href":"https:\/\/api.w.org\/{rel}","templated":true}]}}