{"id":14927,"date":"2024-10-25T21:39:09","date_gmt":"2024-10-26T00:39:09","guid":{"rendered":"https:\/\/diariodelujan.com\/xdeporte\/?p=14927"},"modified":"2024-10-25T21:39:09","modified_gmt":"2024-10-26T00:39:09","slug":"el-lujanero-recibe-a-victoriano","status":"publish","type":"post","link":"https:\/\/diariodelujan.com\/xdeporte\/el-lujanero-recibe-a-victoriano\/","title":{"rendered":"El Lujanero recibe a Victoriano sin p\u00fablico"},"content":{"rendered":"<p><span style=\"font-family: georgia, palatino, serif; font-size: 14pt;\"><em>Este s\u00e1bado 26 de octubre, el Lujanero recibe a Victoriano Arenas en el estadio 1\u00b0 de Abril sin p\u00fablico, tras la sanci\u00f3n de la APreViDe.<\/em><\/span><\/p>\n<p><!--more--><\/p>\n<p><span style=\"font-family: arial, helvetica, sans-serif;\">En el marco de la fecha 19 del Clausura, <em>el Lujanero<\/em> recibe a Victoriano en el 1\u00b0 de Abril, sin la presencia de su p\u00fablico, debido a la <a href=\"https:\/\/diariodelujan.com\/xdeporte\/lujan-jugara-a-puertas-cerradas\/\" target=\"_blank\" rel=\"noopener\">sanci\u00f3n de la Agencia de Prevenci\u00f3n de la Violencia en el Deporte.<\/a><\/span><\/p>\n<p>En cuanto a lo futbol\u00edstico, <a href=\"https:\/\/www.facebook.com\/www.clublujan.com.ar\" target=\"_blank\" rel=\"noopener\">Luj\u00e1n<\/a> viene de caer ante su cl\u00e1sico rival por 2 a 0 y, por consecuencia, <em>el Piri<\/em> Garate dej\u00f3 de ser el DT del club. Por el momento, Santiago Fredes se har\u00e1 cargo del plantel principal como DT interino.<\/p>\n<p>Por otro lado, <em>el Celeste<\/em> viene de perder contra Sportivo Barracas por la m\u00ednima diferencia. En su visita a Luj\u00e1n, buscar\u00e1 recuperarse y volver a la senda del triunfo.<\/p>\n","protected":false},"excerpt":{"rendered":"<p>Este s\u00e1bado 26 de octubre, el Lujanero recibe a Victoriano Arenas en el estadio 1\u00b0 de Abril sin p\u00fablico, tras la sanci\u00f3n de la APreViDe.<\/p>\n","protected":false},"author":3,"featured_media":14928,"comment_status":"closed","ping_status":"closed","sticky":false,"template":"","format":"standard","meta":{"tdm_status":"","tdm_grid_status":"","footnotes":""},"categories":[2,8],"tags":[173,117,184,130,235],"class_list":{"0":"post-14927","1":"post","2":"type-post","3":"status-publish","4":"format-standard","5":"has-post-thumbnail","7":"category-featured","8":"category-futbol","9":"tag-futbol","10":"tag-lujan","11":"tag-lujanero","12":"tag-primera-c","13":"tag-victoriano-arenas"},"_links":{"self":[{"href":"https:\/\/diariodelujan.com\/xdeporte\/wp-json\/wp\/v2\/posts\/14927","targetHints":{"allow":["GET"]}}],"collection":[{"href":"https:\/\/diariodelujan.com\/xdeporte\/wp-json\/wp\/v2\/posts"}],"about":[{"href":"https:\/\/diariodelujan.com\/xdeporte\/wp-json\/wp\/v2\/types\/post"}],"author":[{"embeddable":true,"href":"https:\/\/diariodelujan.com\/xdeporte\/wp-json\/wp\/v2\/users\/3"}],"replies":[{"embeddable":true,"href":"https:\/\/diariodelujan.com\/xdeporte\/wp-json\/wp\/v2\/comments?post=14927"}],"version-history":[{"count":1,"href":"https:\/\/diariodelujan.com\/xdeporte\/wp-json\/wp\/v2\/posts\/14927\/revisions"}],"predecessor-version":[{"id":14929,"href":"https:\/\/diariodelujan.com\/xdeporte\/wp-json\/wp\/v2\/posts\/14927\/revisions\/14929"}],"wp:featuredmedia":[{"embeddable":true,"href":"https:\/\/diariodelujan.com\/xdeporte\/wp-json\/wp\/v2\/media\/14928"}],"wp:attachment":[{"href":"https:\/\/diariodelujan.com\/xdeporte\/wp-json\/wp\/v2\/media?parent=14927"}],"wp:term":[{"taxonomy":"category","embeddable":true,"href":"https:\/\/diariodelujan.com\/xdeporte\/wp-json\/wp\/v2\/categories?post=14927"},{"taxonomy":"post_tag","embeddable":true,"href":"https:\/\/diariodelujan.com\/xdeporte\/wp-json\/wp\/v2\/tags?post=14927"}],"curies":[{"name":"wp","href":"https:\/\/api.w.org\/{rel}","templated":true}]}}