{"id":14940,"date":"2024-10-26T21:13:21","date_gmt":"2024-10-27T00:13:21","guid":{"rendered":"https:\/\/diariodelujan.com\/xdeporte\/?p=14940"},"modified":"2024-10-26T21:13:21","modified_gmt":"2024-10-27T00:13:21","slug":"lujan-volvio-a-ganar-en-casa","status":"publish","type":"post","link":"https:\/\/diariodelujan.com\/xdeporte\/lujan-volvio-a-ganar-en-casa\/","title":{"rendered":"En el debut de Fredes, Luj\u00e1n volvi\u00f3 a ganar en casa"},"content":{"rendered":"<p><span style=\"font-size: 14pt;\"><em><span style=\"font-family: georgia, palatino, serif;\">En la tarde del s\u00e1bado, Luj\u00e1n volvi\u00f3 a ganar en casa, aunque con la ausencia de su p\u00fablico debido a la <a href=\"https:\/\/diariodelujan.com\/xdeporte\/lujan-jugara-a-puertas-cerradas\/\" target=\"_blank\" rel=\"noopener\">sanci\u00f3n de la APreViDe<\/a>. En este compromiso, hizo su debut como DT interino Santiago Fredes, en reemplazo de Gerardo Garate.<\/span><\/em><\/span><\/p>\n<p><!--more--><\/p>\n<p><span style=\"font-family: arial, helvetica, sans-serif;\">En el marco de la fecha 19 de la Primera C, <a href=\"https:\/\/www.facebook.com\/www.clublujan.com.ar\" target=\"_blank\" rel=\"noopener\">Luj\u00e1n<\/a> volvi\u00f3 a ganar en casa, con la direcci\u00f3n t\u00e9cnica de Santiago Fredes. <em>El Lujanero<\/em> no obten\u00eda una conquista de local desde la fecha 11 y, adem\u00e1s, rompi\u00f3 una racha de 4 partidos sin sumar de a tres.<\/span><\/p>\n<p><span style=\"font-family: arial, helvetica, sans-serif;\">El primer tanto del partido lleg\u00f3 temprano por la tarde. Eladio Ramos meti\u00f3 un pase para el debutante, Rodrigo Ferreyra, quien puso un centro rasante al \u00e1rea para que defina el mismo Ramos, pero un defensor de Victoriano intercept\u00f3 la pelota y, accidentalmente, convirti\u00f3 en su propio arco.<\/span><\/p>\n<p><span style=\"font-family: arial, helvetica, sans-serif;\">El segundo golpe para la visita lleg\u00f3 a la brevedad. En una jugada colectiva entre Ramos, Ferreyra, Rojas y Alfonso, este \u00faltimo convirti\u00f3 el 2-0 tras enganchar en el \u00e1rea rival y definir con calidad.<\/span><\/p>\n<p><span style=\"font-family: arial, helvetica, sans-serif;\">M\u00e1s tarde, en un trio de esquina favorable para Victoriano, Nicol\u00e1s Mamberti apareci\u00f3 en el segundo palo y super\u00f3 al arquero Gallardo para convertir el descuento.<\/span><\/p>\n<p><span style=\"font-family: arial, helvetica, sans-serif;\">En el segundo tiempo, Luj\u00e1n logr\u00f3 el tercero por medio de Eladio Ramos. Tras una salida desde el fondo con Gallardo, el colombiano le gan\u00f3 el duelo a su marca, se qued\u00f3 con la pelota y ante la mala salida del 1 visitante, defini\u00f3 por arriba y sentenci\u00f3 el partido.<\/span><\/p>\n<h4><span style=\"font-family: arial, helvetica, sans-serif;\"><strong>Luj\u00e1n volvi\u00f3 a ganar en casa y buscar\u00e1 tres puntos m\u00e1s ante Centro Espa\u00f1ol<\/strong><\/span><\/h4>\n<p><span style=\"font-family: arial, helvetica, sans-serif;\">En su pr\u00f3ximo compromiso, <em>el Lujanero\u00a0<\/em>visitar\u00e1 a Centro Espa\u00f1ol, por la fecha 20 del Clausura.<\/span><\/p>\n","protected":false},"excerpt":{"rendered":"<p>En la tarde del s\u00e1bado, Luj\u00e1n volvi\u00f3 a ganar en casa, aunque con la ausencia de su p\u00fablico debido a la sanci\u00f3n de la APreViDe. En este compromiso, hizo su debut como DT interino Santiago Fredes, en reemplazo de Gerardo Garate.<\/p>\n","protected":false},"author":3,"featured_media":14941,"comment_status":"closed","ping_status":"closed","sticky":false,"template":"","format":"standard","meta":{"tdm_status":"","tdm_grid_status":"","footnotes":""},"categories":[2,8],"tags":[173,117,184,130,235],"class_list":{"0":"post-14940","1":"post","2":"type-post","3":"status-publish","4":"format-standard","5":"has-post-thumbnail","7":"category-featured","8":"category-futbol","9":"tag-futbol","10":"tag-lujan","11":"tag-lujanero","12":"tag-primera-c","13":"tag-victoriano-arenas"},"_links":{"self":[{"href":"https:\/\/diariodelujan.com\/xdeporte\/wp-json\/wp\/v2\/posts\/14940","targetHints":{"allow":["GET"]}}],"collection":[{"href":"https:\/\/diariodelujan.com\/xdeporte\/wp-json\/wp\/v2\/posts"}],"about":[{"href":"https:\/\/diariodelujan.com\/xdeporte\/wp-json\/wp\/v2\/types\/post"}],"author":[{"embeddable":true,"href":"https:\/\/diariodelujan.com\/xdeporte\/wp-json\/wp\/v2\/users\/3"}],"replies":[{"embeddable":true,"href":"https:\/\/diariodelujan.com\/xdeporte\/wp-json\/wp\/v2\/comments?post=14940"}],"version-history":[{"count":1,"href":"https:\/\/diariodelujan.com\/xdeporte\/wp-json\/wp\/v2\/posts\/14940\/revisions"}],"predecessor-version":[{"id":14942,"href":"https:\/\/diariodelujan.com\/xdeporte\/wp-json\/wp\/v2\/posts\/14940\/revisions\/14942"}],"wp:featuredmedia":[{"embeddable":true,"href":"https:\/\/diariodelujan.com\/xdeporte\/wp-json\/wp\/v2\/media\/14941"}],"wp:attachment":[{"href":"https:\/\/diariodelujan.com\/xdeporte\/wp-json\/wp\/v2\/media?parent=14940"}],"wp:term":[{"taxonomy":"category","embeddable":true,"href":"https:\/\/diariodelujan.com\/xdeporte\/wp-json\/wp\/v2\/categories?post=14940"},{"taxonomy":"post_tag","embeddable":true,"href":"https:\/\/diariodelujan.com\/xdeporte\/wp-json\/wp\/v2\/tags?post=14940"}],"curies":[{"name":"wp","href":"https:\/\/api.w.org\/{rel}","templated":true}]}}