{"id":14965,"date":"2024-10-27T22:47:07","date_gmt":"2024-10-28T01:47:07","guid":{"rendered":"https:\/\/diariodelujan.com\/xdeporte\/?p=14965"},"modified":"2024-10-27T22:57:32","modified_gmt":"2024-10-28T01:57:32","slug":"papeschi-no-pudo","status":"publish","type":"post","link":"https:\/\/diariodelujan.com\/xdeporte\/papeschi-no-pudo\/","title":{"rendered":"Papeschi no pudo con el ucraniano en Polonia"},"content":{"rendered":"<h6><span style=\"font-family: georgia, palatino, serif; font-size: 14pt;\"><em>Sebast\u00edan Papeschi enfrent\u00f3 este s\u00e1bado en la lejana Polonia a Fiodor Czerkaszyn y a pesar de la entrega del argentino el fallo de los jueces favoreci\u00f3 al ucraniano.<\/em><\/span><!--more--><\/h6>\n<p>Sebasti\u00e1n &#8220;La Promesa&#8221; Papeschi contin\u00faa su trayectoria en el boxeo con determinaci\u00f3n y coraje. Tras una impresionante victoria por nocaut en agosto, donde se consagr\u00f3 campe\u00f3n mediano<a href=\"https:\/\/www.wbaboxing.com\/es\/tag\/fedecaribe\" target=\"_blank\" rel=\"noopener\"> FedeCaribe<\/a> de la Asociaci\u00f3n Mundial de Boxeo en el evento<strong> &#8220;Knock Out a las Drogas&#8221;<\/strong> en Buenos Aires, Papeschi recibi\u00f3 una nueva oportunidad para brillar en el \u00e1mbito internacional.<\/p>\n<p>Esta vez, el boxeador lujanense se enfrent\u00f3 al ucraniano Fiodor Czerkaszyn en su primera pelea en Europa, disputando el t\u00edtulo Internacional Mediano del<a href=\"https:\/\/wbcboxing.com\/\" target=\"_blank\" rel=\"noopener\"> Consejo Mundial de Boxeo<\/a> (CMB). A pesar de haber tenido poco tiempo de preparaci\u00f3n, Papeschi subi\u00f3 al ring con confianza, dispuesto a mostrar su talento.<\/p>\n<p>El combate comenz\u00f3 con Czerkaszyn presionando, pero Papeschi logr\u00f3 adaptarse, manteniendo la distancia y buscando su ritmo. A lo largo de la pelea, el lujanense se fue asentando, ganando el centro del ring y conectando golpes significativos. Sin embargo, el encuentro termin\u00f3 con una decisi\u00f3n un\u00e1nime a favor del boxeador nacionalizado polaco, un resultado que no opaca el esfuerzo y la entrega de Papeschi.<\/p>\n<p><strong>&#8220;Hoy no se nos dio la victoria, pero hicimos un buen trabajo&#8221;<\/strong>, coment\u00f3 Papeschi en sus redes sociales, reflejando su esp\u00edritu resiliente. &#8220;<strong>Lo lindo del boxeo es que siempre hay revancha&#8221;<\/strong>.<\/p>\n<h3><strong>Un Recorrido Brillante en el Boxeo<\/strong><\/h3>\n<p>Papeschi ha acumulado un palmar\u00e9s notable en los \u00faltimos a\u00f1os. El 21 de octubre de 2022, se alz\u00f3 con el t\u00edtulo sudamericano mediopesado al vencer a Jairo Ariel Rayman por nocaut t\u00e9cnico. Adem\u00e1s, el 26 de agosto de 2023, mostr\u00f3 su superioridad al ganar el t\u00edtulo latino mediano de la FIB, derrotando al mexicano Diego Carmona en una emocionante pelea.<\/p>\n<p>No contento con solo un logro, el 23 de marzo de este a\u00f1o, Papeschi conquist\u00f3 el t\u00edtulo Sudamericano Mediano, convirti\u00e9ndose en el primer argentino en ser campe\u00f3n sudamericano en tres categor\u00edas diferentes. Y su reciente triunfo en el Casino de Buenos Aires lo catapult\u00f3 nuevamente a la cima, ganando el cintur\u00f3n mediano FedeCaribe.<\/p>\n<h3><strong>El Futuro del Boxeo para Papeschi<\/strong><\/h3>\n<p>A medida que Papeschi sigue enfrentando desaf\u00edos en el ring, sus fan\u00e1ticos esperan con ansias su pr\u00f3xima pelea. Su capacidad para adaptarse y aprender de cada combate promete un futuro brillante en el boxeo. Con una combinaci\u00f3n de habilidad, estrategia y pasi\u00f3n, Sebasti\u00e1n Papeschi est\u00e1 destinado a dejar una huella indeleble en el deporte. <\/p>\n","protected":false},"excerpt":{"rendered":"<p>Sebast\u00edan Papeschi enfrent\u00f3 este s\u00e1bado en la lejana Polonia a Fiodor Czerkaszyn y a pesar de la entrega del argentino el fallo de los jueces favoreci\u00f3 al ucraniano.<\/p>\n","protected":false},"author":4,"featured_media":14966,"comment_status":"closed","ping_status":"closed","sticky":false,"template":"","format":"standard","meta":{"tdm_status":"","tdm_grid_status":"","footnotes":""},"categories":[2,113],"tags":[],"class_list":{"0":"post-14965","1":"post","2":"type-post","3":"status-publish","4":"format-standard","5":"has-post-thumbnail","7":"category-featured","8":"category-boxeo"},"_links":{"self":[{"href":"https:\/\/diariodelujan.com\/xdeporte\/wp-json\/wp\/v2\/posts\/14965","targetHints":{"allow":["GET"]}}],"collection":[{"href":"https:\/\/diariodelujan.com\/xdeporte\/wp-json\/wp\/v2\/posts"}],"about":[{"href":"https:\/\/diariodelujan.com\/xdeporte\/wp-json\/wp\/v2\/types\/post"}],"author":[{"embeddable":true,"href":"https:\/\/diariodelujan.com\/xdeporte\/wp-json\/wp\/v2\/users\/4"}],"replies":[{"embeddable":true,"href":"https:\/\/diariodelujan.com\/xdeporte\/wp-json\/wp\/v2\/comments?post=14965"}],"version-history":[{"count":4,"href":"https:\/\/diariodelujan.com\/xdeporte\/wp-json\/wp\/v2\/posts\/14965\/revisions"}],"predecessor-version":[{"id":14976,"href":"https:\/\/diariodelujan.com\/xdeporte\/wp-json\/wp\/v2\/posts\/14965\/revisions\/14976"}],"wp:featuredmedia":[{"embeddable":true,"href":"https:\/\/diariodelujan.com\/xdeporte\/wp-json\/wp\/v2\/media\/14966"}],"wp:attachment":[{"href":"https:\/\/diariodelujan.com\/xdeporte\/wp-json\/wp\/v2\/media?parent=14965"}],"wp:term":[{"taxonomy":"category","embeddable":true,"href":"https:\/\/diariodelujan.com\/xdeporte\/wp-json\/wp\/v2\/categories?post=14965"},{"taxonomy":"post_tag","embeddable":true,"href":"https:\/\/diariodelujan.com\/xdeporte\/wp-json\/wp\/v2\/tags?post=14965"}],"curies":[{"name":"wp","href":"https:\/\/api.w.org\/{rel}","templated":true}]}}