{"id":15003,"date":"2024-11-03T22:57:44","date_gmt":"2024-11-04T01:57:44","guid":{"rendered":"https:\/\/diariodelujan.com\/xdeporte\/?p=15003"},"modified":"2024-11-04T12:13:17","modified_gmt":"2024-11-04T15:13:17","slug":"lujan-visita-a-centro-espanol","status":"publish","type":"post","link":"https:\/\/diariodelujan.com\/xdeporte\/lujan-visita-a-centro-espanol\/","title":{"rendered":"Ahora juegan el martes: Luj\u00e1n visita a Centro Espa\u00f1ol en Ituzaing\u00f3"},"content":{"rendered":"<h5><em><span style=\"font-family: georgia, palatino, serif; font-size: 14pt;\">Este martes, Luj\u00e1n visita a centro Espa\u00f1ol para disputar la fecha 20 de la Primera C. El encuentro se jugar\u00e1 a las 15 hs y ser\u00e1 arbitrado por Gonzalo Creimermann.<\/span><\/em><\/h5>\n<p><!--more--><\/p>\n<p><span style=\"font-family: arial, helvetica, sans-serif; font-size: 12pt;\">En el marco de la fecha 20, <a href=\"https:\/\/www.facebook.com\/www.clublujan.com.ar\" target=\"_blank\" rel=\"noopener\">Luj\u00e1n<\/a> visita a centro Espa\u00f1ol con la intenci\u00f3n de sumar un nuevo triunfo tras la <a href=\"https:\/\/diariodelujan.com\/xdeporte\/lujan-volvio-a-ganar-en-casa\/\" target=\"_blank\" rel=\"noopener\">conquista ante Victoriano<\/a> en el 1\u00b0 de Abril.<\/span><\/p>\n<p><span style=\"font-family: arial, helvetica, sans-serif;\">El conjunto de nuestra ciudad jugar\u00e1 su primer partido fuera de casa con Fredes como DT. Con 18 puntos restantes en juego y a 16 del l\u00edder del Clausura , Real Pilar, <em>el Lujanero<\/em> ya no tiene chances realistas de competir por el puesto de ascenso. Sin embargo, a\u00fan puede apuntar por uno de los puestos de clasificaci\u00f3n a la Copa Argentina.<\/span><\/p>\n<h4><strong><span style=\"font-family: arial, helvetica, sans-serif; font-size: 14pt;\">Luj\u00e1n visita a Centro Espa\u00f1ol en la cancha de Ituzaing\u00f3<\/span><\/strong><\/h4>\n<p><span style=\"font-family: arial, helvetica, sans-serif;\"><em>El Gallego\u00a0<\/em>viene de una mala racha de tres derrotas al hilo (ante Yupanqui, Berazategui y Sportivo Barracas), por eso, este martes a las 15 hs, buscar\u00e1 quedarse con los tres tantos que pongan fin al mal presente.<\/span><\/p>\n","protected":false},"excerpt":{"rendered":"<p>Este martes, Luj\u00e1n visita a centro Espa\u00f1ol para disputar la fecha 20 de la Primera C. El encuentro se jugar\u00e1 a las 15 hs y ser\u00e1 arbitrado por Gonzalo Creimermann.<\/p>\n","protected":false},"author":3,"featured_media":15041,"comment_status":"closed","ping_status":"closed","sticky":false,"template":"","format":"standard","meta":{"tdm_status":"","tdm_grid_status":"","footnotes":""},"categories":[2,8],"tags":[237,173,117,184,130],"class_list":{"0":"post-15003","1":"post","2":"type-post","3":"status-publish","4":"format-standard","5":"has-post-thumbnail","7":"category-featured","9":"tag-centro-espanol","10":"tag-futbol","11":"tag-lujan","12":"tag-lujanero","13":"tag-primera-c"},"_links":{"self":[{"href":"https:\/\/diariodelujan.com\/xdeporte\/wp-json\/wp\/v2\/posts\/15003","targetHints":{"allow":["GET"]}}],"collection":[{"href":"https:\/\/diariodelujan.com\/xdeporte\/wp-json\/wp\/v2\/posts"}],"about":[{"href":"https:\/\/diariodelujan.com\/xdeporte\/wp-json\/wp\/v2\/types\/post"}],"author":[{"embeddable":true,"href":"https:\/\/diariodelujan.com\/xdeporte\/wp-json\/wp\/v2\/users\/3"}],"replies":[{"embeddable":true,"href":"https:\/\/diariodelujan.com\/xdeporte\/wp-json\/wp\/v2\/comments?post=15003"}],"version-history":[{"count":7,"href":"https:\/\/diariodelujan.com\/xdeporte\/wp-json\/wp\/v2\/posts\/15003\/revisions"}],"predecessor-version":[{"id":15053,"href":"https:\/\/diariodelujan.com\/xdeporte\/wp-json\/wp\/v2\/posts\/15003\/revisions\/15053"}],"wp:featuredmedia":[{"embeddable":true,"href":"https:\/\/diariodelujan.com\/xdeporte\/wp-json\/wp\/v2\/media\/15041"}],"wp:attachment":[{"href":"https:\/\/diariodelujan.com\/xdeporte\/wp-json\/wp\/v2\/media?parent=15003"}],"wp:term":[{"taxonomy":"category","embeddable":true,"href":"https:\/\/diariodelujan.com\/xdeporte\/wp-json\/wp\/v2\/categories?post=15003"},{"taxonomy":"post_tag","embeddable":true,"href":"https:\/\/diariodelujan.com\/xdeporte\/wp-json\/wp\/v2\/tags?post=15003"}],"curies":[{"name":"wp","href":"https:\/\/api.w.org\/{rel}","templated":true}]}}