{"id":15068,"date":"2024-11-05T20:03:50","date_gmt":"2024-11-05T23:03:50","guid":{"rendered":"https:\/\/diariodelujan.com\/xdeporte\/?p=15068"},"modified":"2024-11-05T20:03:50","modified_gmt":"2024-11-05T23:03:50","slug":"lujan-cayo-ante-centro-espanol","status":"publish","type":"post","link":"https:\/\/diariodelujan.com\/xdeporte\/lujan-cayo-ante-centro-espanol\/","title":{"rendered":"Luj\u00e1n cay\u00f3 ante Centro Espa\u00f1ol en su visita a ituzaing\u00f3"},"content":{"rendered":"<h5><span style=\"font-family: georgia, palatino, serif; font-size: 14pt;\"><em>En el duelo correspondiente a la fecha 20 del Clausura, <a href=\"https:\/\/www.facebook.com\/www.clublujan.com.ar\" target=\"_blank\" rel=\"noopener\">Luj\u00e1n<\/a> cay\u00f3 ante Centro Espa\u00f1ol por 2 a 1 en el estadio de Ituzaing\u00f3.<\/em><\/span><\/h5>\n<p><!--more--><\/p>\n<p><span style=\"font-family: arial, helvetica, sans-serif; font-size: 12pt;\">Luego del <a href=\"https:\/\/diariodelujan.com\/xdeporte\/lujan-volvio-a-ganar-en-casa\/\" target=\"_blank\" rel=\"noopener\">triunfo ante Victoriano Arenas<\/a>, <em>el Lujanero<\/em> fue en busca de los tres puntos contra <em>los Gallegos.<\/em> Sin embargo, Luj\u00e1n cay\u00f3 ante Centro Espa\u00f1ol por 2 a 1 y se aleja del sue\u00f1o de clasificar a la Copa Argentina.<\/span><\/p>\n<p><span style=\"font-family: arial, helvetica, sans-serif; font-size: 12pt;\">El partido arranc\u00f3 bien para Luj\u00e1n, con un gol de Eladio Ramos a los 20 minutos del primer tiempo. M\u00e1s tarde, Pedro Alfonso tuvo la chance de aumentar la diferencia, pero el palo derecho le dijo que no.<\/span><\/p>\n<p><span style=\"font-family: arial, helvetica, sans-serif; font-size: 12pt;\">Luego de esto, Centro Espa\u00f1ol encontr\u00f3 el empate de la mano de De Benedetti. Y, en el final de la primera mitad, Maciel convirti\u00f3 el segundo a favor del <em>Gallego.<\/em><\/span><\/p>\n<p><span style=\"font-family: arial, helvetica, sans-serif; font-size: 12pt;\">En el segundo tiempo, <em>el Lujanero<\/em> fue en busca del empate. No obstante, las chances m\u00e1s claras del conjunto de la Bas\u00edlica fueron negadas por el arquero rival que fue una de las figuras en la victoria definitiva de Centro Espa\u00f1ol.<\/span><\/p>\n<p><span style=\"font-family: arial, helvetica, sans-serif; font-size: 14pt;\"><strong>Luj\u00e1n cay\u00f3 ante Centro Espa\u00f1ol y ahora recibir\u00e1 a Deportivo Espa\u00f1ol en casa<\/strong><\/span><\/p>\n<p><span style=\"font-family: arial, helvetica, sans-serif;\">Tras esta derrota, Luj\u00e1n buscar\u00e1 un nuevo triunfo como local ante uno de los candidatos a coronarse como campe\u00f3n del Clausura de la C.<\/span><\/p>\n","protected":false},"excerpt":{"rendered":"<p>En el duelo correspondiente a la fecha 20 del Clausura, Luj\u00e1n cay\u00f3 ante Centro Espa\u00f1ol por 2 a 1 en el estadio de Ituzaing\u00f3.<\/p>\n","protected":false},"author":3,"featured_media":15069,"comment_status":"closed","ping_status":"closed","sticky":false,"template":"","format":"standard","meta":{"tdm_status":"","tdm_grid_status":"","footnotes":""},"categories":[2,8],"tags":[237,173,117,184,130],"class_list":{"0":"post-15068","1":"post","2":"type-post","3":"status-publish","4":"format-standard","5":"has-post-thumbnail","7":"category-featured","9":"tag-centro-espanol","10":"tag-futbol","11":"tag-lujan","12":"tag-lujanero","13":"tag-primera-c"},"_links":{"self":[{"href":"https:\/\/diariodelujan.com\/xdeporte\/wp-json\/wp\/v2\/posts\/15068","targetHints":{"allow":["GET"]}}],"collection":[{"href":"https:\/\/diariodelujan.com\/xdeporte\/wp-json\/wp\/v2\/posts"}],"about":[{"href":"https:\/\/diariodelujan.com\/xdeporte\/wp-json\/wp\/v2\/types\/post"}],"author":[{"embeddable":true,"href":"https:\/\/diariodelujan.com\/xdeporte\/wp-json\/wp\/v2\/users\/3"}],"replies":[{"embeddable":true,"href":"https:\/\/diariodelujan.com\/xdeporte\/wp-json\/wp\/v2\/comments?post=15068"}],"version-history":[{"count":1,"href":"https:\/\/diariodelujan.com\/xdeporte\/wp-json\/wp\/v2\/posts\/15068\/revisions"}],"predecessor-version":[{"id":15070,"href":"https:\/\/diariodelujan.com\/xdeporte\/wp-json\/wp\/v2\/posts\/15068\/revisions\/15070"}],"wp:featuredmedia":[{"embeddable":true,"href":"https:\/\/diariodelujan.com\/xdeporte\/wp-json\/wp\/v2\/media\/15069"}],"wp:attachment":[{"href":"https:\/\/diariodelujan.com\/xdeporte\/wp-json\/wp\/v2\/media?parent=15068"}],"wp:term":[{"taxonomy":"category","embeddable":true,"href":"https:\/\/diariodelujan.com\/xdeporte\/wp-json\/wp\/v2\/categories?post=15068"},{"taxonomy":"post_tag","embeddable":true,"href":"https:\/\/diariodelujan.com\/xdeporte\/wp-json\/wp\/v2\/tags?post=15068"}],"curies":[{"name":"wp","href":"https:\/\/api.w.org\/{rel}","templated":true}]}}