{"id":15081,"date":"2024-11-09T09:23:52","date_gmt":"2024-11-09T12:23:52","guid":{"rendered":"https:\/\/diariodelujan.com\/xdeporte\/?p=15081"},"modified":"2024-11-09T13:32:10","modified_gmt":"2024-11-09T16:32:10","slug":"liga-profesional-2024","status":"publish","type":"post","link":"https:\/\/diariodelujan.com\/xdeporte\/liga-profesional-2024\/","title":{"rendered":"Liga Profesional: d\u00edas, horarios y c\u00f3mo ver los partidos"},"content":{"rendered":"<p><span style=\"font-family: georgia, palatino, serif; font-size: 14pt;\"><em>Este fin de semana se reanuda la Liga Profesional de f\u00fatbol 2024 con la vig\u00e9sima segunda fecha, que se jugar\u00e1 entre el s\u00e1bado 9 y el lunes 11 de noviembre.<\/em><\/span><!--more--><\/p>\n<p>Con la grilla confirmada de partidos, horarios, \u00e1rbitros y televisaci\u00f3n, los aficionados ya tienen todo listo para disfrutar de un nuevo cap\u00edtulo del torneo.<\/p>\n<p>Entre los partidos destacados de la Liga Profesional de este fin de semana, V\u00e9lez y Hurac\u00e1n, ambos punteros con 39 puntos, intentar\u00e1n mantener su liderazgo en sus respectivos encuentros. V\u00e9lez enfrentar\u00e1 a Riestra, mientras que Hurac\u00e1n se medir\u00e1 con Independiente, lo que promete una jornada vibrante para los seguidores de estos equipos de f\u00fatbol. Adem\u00e1s, el cl\u00e1sico cordob\u00e9s entre Belgrano e Instituto se llevar\u00e1 a cabo el lunes, cerrando la fecha con un duelo que despierta gran expectativa.<\/p>\n<h3><strong>Un nuevo fin de semana repleto de f\u00fatbol<\/strong><\/h3>\n<p>En otro de los enfrentamientos esperados, River Plate recibir\u00e1 a Barracas Central en El Monumental el domingo 10 de noviembre. Este partido por la fecha 22 de la Liga Profesional, presenta a dos equipos con ambiciones muy distintas en la tabla. Mientras el \u201cMillonario\u201d busca acercarse a los l\u00edderes del torneo, Barracas intentar\u00e1 mejorar su posici\u00f3n y revertir su racha negativa.<\/p>\n<p>Con el final de la temporada cada vez m\u00e1s cerca, la definici\u00f3n de los descensos y las clasificaciones a las competiciones internacionales del 2025 agregan una dosis extra de tensi\u00f3n a los encuentros por la Liga Profesional. Uno de los descensos se definir\u00e1 por la tabla de promedios y otro por la Tabla Anual, lo que mantiene a varios equipos atentos a cada punto en juego de este fin de semana.<\/p>\n<h4>As\u00ed se juega la fecha 22 de la Liga Profesional<\/h4>\n<p><strong>S\u00e1bado 9 de noviembre<\/strong><br \/>\n16:45 horas &#8211; Uni\u00f3n \u2013 Atl\u00e9tico Tucum\u00e1n (TNT Sports)<br \/>\n\u00c1rbitro: Facundo Tello VAR: Yamil Possi<br \/>\n17:00 horas &#8211; Gimnasia \u2013 Newell\u2019s (ESPN Premium)<br \/>\n\u00c1rbitro: Sebasti\u00e1n Zunino VAR: Sebastian Mart\u00ednez<br \/>\n19:00 horas &#8211; Rosario Central \u2013 San Lorenzo (TNT Sports)<br \/>\n\u00c1rbitro: Andr\u00e9s Merlos VAR: Fernando Espinoza<br \/>\n21:00 horas &#8211; Hurac\u00e1n \u2013 Independiente (ESPN Premium)<br \/>\n\u00c1rbitro: Dar\u00edo Herrera VAR: Adri\u00e1n Franklin<br \/>\n<strong>Domingo 10 de noviembre<\/strong><br \/>\n16:00 horas &#8211; Central C\u00f3rdoba \u2013 Estudiantes (ESPN Premium)<br \/>\n\u00c1rbitro: Andr\u00e9s Gariano VAR: Ariel Penel<br \/>\n17:15 horas &#8211; River \u2013 Barracas Central (TNT Sports)<br \/>\n\u00c1rbitro: Fernando Echenique VAR: H\u00e9ctor Paletta<br \/>\n19:15 horas &#8211; Godoy Cruz \u2013 Talleres (ESPN Premium)<br \/>\n\u00c1rbitro: Nazareno Arasa VAR: Salom\u00e9 Di Iorio<br \/>\n19:30 horas &#8211; Racing \u2013 Independiente Rivadavia (TNT Sports)<br \/>\n\u00c1rbitro: Jorge Bali\u00f1o VAR: Germ\u00e1n Delfino<br \/>\n21:30 horas &#8211; Sarmiento \u2013 Boca (ESPN Premium)<br \/>\n\u00c1rbitro: Leandro Rey Hilfer VAR: Nicol\u00e1s Lamolina<br \/>\n<strong>Lunes 11 de noviembre<\/strong><br \/>\n16:00 horas &#8211; Deportivo Riestra \u2013 V\u00e9lez (TNT Sports)<br \/>\n\u00c1rbitro: Luis Lobo Medina VAR: Jos\u00e9 Carreras<br \/>\n18:45 horas &#8211; Tigre \u2013 Defensa y Justicia (TNT Sports)<br \/>\n\u00c1rbitro: Hern\u00e1n Mastr\u00e1ngelo VAR: Juan Pafundi<br \/>\n18:45 horas &#8211; Lan\u00fas \u2013 Platense (ESPN Premium)<br \/>\n\u00c1rbitro: Silvio Trucco VAR: Mauro Vigliano<br \/>\n21:00 horas &#8211; Argentinos \u2013 Banfield (ESPN Premium)<br \/>\n\u00c1rbitro: Nicol\u00e1s Ram\u00edrez VAR: Diego Ceballos<br \/>\n21:00 horas &#8211; Belgrano \u2013 Instituto (TNT Sports)<br \/>\n\u00c1rbitro: Yael Falc\u00f3n P\u00e9rez VAR: Dar\u00edo Herrera<\/p>\n","protected":false},"excerpt":{"rendered":"<p>Este fin de semana se reanuda la Liga Profesional de f\u00fatbol 2024 con la vig\u00e9sima segunda fecha, que se jugar\u00e1 entre el s\u00e1bado 9 y el lunes 11 de noviembre.<\/p>\n","protected":false},"author":4,"featured_media":15083,"comment_status":"closed","ping_status":"closed","sticky":false,"template":"","format":"standard","meta":{"tdm_status":"","tdm_grid_status":"","footnotes":""},"categories":[8,2],"tags":[],"class_list":{"0":"post-15081","1":"post","2":"type-post","3":"status-publish","4":"format-standard","5":"has-post-thumbnail","7":"category-futbol","8":"category-featured"},"_links":{"self":[{"href":"https:\/\/diariodelujan.com\/xdeporte\/wp-json\/wp\/v2\/posts\/15081","targetHints":{"allow":["GET"]}}],"collection":[{"href":"https:\/\/diariodelujan.com\/xdeporte\/wp-json\/wp\/v2\/posts"}],"about":[{"href":"https:\/\/diariodelujan.com\/xdeporte\/wp-json\/wp\/v2\/types\/post"}],"author":[{"embeddable":true,"href":"https:\/\/diariodelujan.com\/xdeporte\/wp-json\/wp\/v2\/users\/4"}],"replies":[{"embeddable":true,"href":"https:\/\/diariodelujan.com\/xdeporte\/wp-json\/wp\/v2\/comments?post=15081"}],"version-history":[{"count":5,"href":"https:\/\/diariodelujan.com\/xdeporte\/wp-json\/wp\/v2\/posts\/15081\/revisions"}],"predecessor-version":[{"id":15087,"href":"https:\/\/diariodelujan.com\/xdeporte\/wp-json\/wp\/v2\/posts\/15081\/revisions\/15087"}],"wp:featuredmedia":[{"embeddable":true,"href":"https:\/\/diariodelujan.com\/xdeporte\/wp-json\/wp\/v2\/media\/15083"}],"wp:attachment":[{"href":"https:\/\/diariodelujan.com\/xdeporte\/wp-json\/wp\/v2\/media?parent=15081"}],"wp:term":[{"taxonomy":"category","embeddable":true,"href":"https:\/\/diariodelujan.com\/xdeporte\/wp-json\/wp\/v2\/categories?post=15081"},{"taxonomy":"post_tag","embeddable":true,"href":"https:\/\/diariodelujan.com\/xdeporte\/wp-json\/wp\/v2\/tags?post=15081"}],"curies":[{"name":"wp","href":"https:\/\/api.w.org\/{rel}","templated":true}]}}