{"id":15102,"date":"2024-11-09T22:16:44","date_gmt":"2024-11-10T01:16:44","guid":{"rendered":"https:\/\/diariodelujan.com\/xdeporte\/?p=15102"},"modified":"2024-11-10T21:33:49","modified_gmt":"2024-11-11T00:33:49","slug":"el-lujanero-recibe-a-espanol","status":"publish","type":"post","link":"https:\/\/diariodelujan.com\/xdeporte\/el-lujanero-recibe-a-espanol\/","title":{"rendered":"El Lujanero recibe a Deportivo Espa\u00f1ol este domingo"},"content":{"rendered":"<h5><span style=\"font-size: 14pt;\"><em><span style=\"font-family: georgia, palatino, serif;\">Este domingo, <a href=\"https:\/\/www.facebook.com\/www.clublujan.com.ar\" target=\"_blank\" rel=\"noopener\">el Lujanero<\/a> ser\u00e1 anfitri\u00f3n ante Deportivo Espa\u00f1ol por el duelo que corresponde a la fecha 21 del Clausura de la Primera C.<\/span><\/em><\/span><\/h5>\n<p><!--more--><\/p>\n<p><span style=\"font-family: arial, helvetica, sans-serif;\">Luego de la <a href=\"https:\/\/diariodelujan.com\/xdeporte\/lujan-cayo-ante-centro-espanol\/\" target=\"_blank\" rel=\"noopener\">derrota sufrida a manos de Centro Espa\u00f1ol<\/a>, <em>el Lujanero<\/em> enfrenta a otro elenco gallego. El partido se disputar\u00e1 este domingo en el 1\u00b0 de Abril a partir de las 15 hs.<\/span><\/p>\n<h4><span style=\"font-family: arial, helvetica, sans-serif;\"><strong><span style=\"font-size: 14pt;\">El Lujanero busca a clasificaci\u00f3n a la Copa Argentina<\/span><\/strong><\/span><\/h4>\n<p><span style=\"font-family: arial, helvetica, sans-serif;\">Luj\u00e1n busca hacerse con uno de los puestos de clasificaci\u00f3n a la Copa Argentina del pr\u00f3ximo a\u00f1o. Para ello, deber\u00e1 finalizar el torneo regular entre los primeros cinco puestos de la tabla del Clausura. Con 32 puntos actualmente, JJ se ubica en la \u00faltima posici\u00f3n de clasificaci\u00f3n, por lo que el equipo de la banda tendr\u00e1 que cosechar m\u00faltiples victorias.<\/span><\/p>\n<p><span style=\"font-family: arial, helvetica, sans-serif;\">Deportivo Espa\u00f1ol, por otro lado, cuenta con 38 puntos y busca arrebatarle la punta a Real Pilar, con 43. Por eso, visitar\u00e1 al Lujanero con la intenci\u00f3n de llevarse los tres puntos.<\/span><\/p>\n","protected":false},"excerpt":{"rendered":"<p>Este domingo, el Lujanero ser\u00e1 anfitri\u00f3n ante Deportivo Espa\u00f1ol por el duelo que corresponde a la fecha 21 del Clausura de la Primera C.<\/p>\n","protected":false},"author":3,"featured_media":15103,"comment_status":"closed","ping_status":"closed","sticky":false,"template":"","format":"standard","meta":{"tdm_status":"","tdm_grid_status":"","footnotes":""},"categories":[8],"tags":[359,173,117,184,130],"class_list":{"0":"post-15102","1":"post","2":"type-post","3":"status-publish","4":"format-standard","5":"has-post-thumbnail","8":"tag-deportivo-espanol","9":"tag-futbol","10":"tag-lujan","11":"tag-lujanero","12":"tag-primera-c"},"_links":{"self":[{"href":"https:\/\/diariodelujan.com\/xdeporte\/wp-json\/wp\/v2\/posts\/15102","targetHints":{"allow":["GET"]}}],"collection":[{"href":"https:\/\/diariodelujan.com\/xdeporte\/wp-json\/wp\/v2\/posts"}],"about":[{"href":"https:\/\/diariodelujan.com\/xdeporte\/wp-json\/wp\/v2\/types\/post"}],"author":[{"embeddable":true,"href":"https:\/\/diariodelujan.com\/xdeporte\/wp-json\/wp\/v2\/users\/3"}],"replies":[{"embeddable":true,"href":"https:\/\/diariodelujan.com\/xdeporte\/wp-json\/wp\/v2\/comments?post=15102"}],"version-history":[{"count":2,"href":"https:\/\/diariodelujan.com\/xdeporte\/wp-json\/wp\/v2\/posts\/15102\/revisions"}],"predecessor-version":[{"id":15105,"href":"https:\/\/diariodelujan.com\/xdeporte\/wp-json\/wp\/v2\/posts\/15102\/revisions\/15105"}],"wp:featuredmedia":[{"embeddable":true,"href":"https:\/\/diariodelujan.com\/xdeporte\/wp-json\/wp\/v2\/media\/15103"}],"wp:attachment":[{"href":"https:\/\/diariodelujan.com\/xdeporte\/wp-json\/wp\/v2\/media?parent=15102"}],"wp:term":[{"taxonomy":"category","embeddable":true,"href":"https:\/\/diariodelujan.com\/xdeporte\/wp-json\/wp\/v2\/categories?post=15102"},{"taxonomy":"post_tag","embeddable":true,"href":"https:\/\/diariodelujan.com\/xdeporte\/wp-json\/wp\/v2\/tags?post=15102"}],"curies":[{"name":"wp","href":"https:\/\/api.w.org\/{rel}","templated":true}]}}