{"id":15107,"date":"2024-11-10T20:42:27","date_gmt":"2024-11-10T23:42:27","guid":{"rendered":"https:\/\/diariodelujan.com\/xdeporte\/?p=15107"},"modified":"2024-11-16T10:26:14","modified_gmt":"2024-11-16T13:26:14","slug":"el-lujanero-dejo-escapar-tres-tantos","status":"publish","type":"post","link":"https:\/\/diariodelujan.com\/xdeporte\/el-lujanero-dejo-escapar-tres-tantos\/","title":{"rendered":"El Lujanero dej\u00f3 escapar tres puntos ante Espa\u00f1ol"},"content":{"rendered":"<h5><span style=\"font-family: georgia, palatino, serif; font-size: 14pt;\"><em>Este domingo, <a href=\"https:\/\/www.facebook.com\/www.clublujan.com.ar\" target=\"_blank\" rel=\"noopener\">el Lujanero<\/a> dej\u00f3 escapar un partido clave que lo hubiese acercado a los primeros puestos de la tabla. El conjunto de nuestra enfrentar\u00e1 a Atlas en la pr\u00f3xima fecha.<\/em><\/span><\/h5>\n<p><!--more--><\/p>\n<p><span style=\"font-family: arial, helvetica, sans-serif;\">En la fecha pasada, Luj\u00e1n <a href=\"https:\/\/diariodelujan.com\/xdeporte\/lujan-cayo-ante-centro-espanol\/\" target=\"_blank\" rel=\"noopener\">cay\u00f3 2 a 1 en su visita a Centro Espa\u00f1ol<\/a>. Ahora, por la vig\u00e9sima primera fecha de la Primera C, <em>el Lujanero<\/em> dej\u00f3 escapar tres tantos al caer derrotado ante Deportivo Espa\u00f1ol por 2 a 1.<\/span><\/p>\n<p><span style=\"font-family: arial, helvetica, sans-serif;\">En el inicio del primer tiempo Luj\u00e1n logr\u00f3 llegar con peligro al arco de Ruggiero con dos intentos de Ferreyra, pero el 1 mantuvo la porter\u00eda de Espa\u00f1ol en cero.<\/span><\/p>\n<p><span style=\"font-family: arial, helvetica, sans-serif;\">Como respuesta, la visita atac\u00f3 al <em>Lujanero.\u00a0<\/em>De la mano de Daian Vocos, Espa\u00f1ol encontr\u00f3 el primer tanto del partido al vulnerar al arquero de Luj\u00e1n.<\/span><\/p>\n<p><span style=\"font-family: arial, helvetica, sans-serif;\">A pesar de la desventaja en el marcador, los dirigidos por Fredes segu\u00edan siendo los protagonistas del partido, pero no pudieron igualar el encuentro.<\/span><\/p>\n<p><span style=\"font-family: arial, helvetica, sans-serif;\">Antes del descanso, <em>el Gallego<\/em> recuper\u00f3 la pelota en el mediocampo y V\u00edctor G\u00f3mez se encarg\u00f3 de aumentar la ventaja del elenco visitante.<\/span><\/p>\n<p><span style=\"font-family: arial, helvetica, sans-serif;\">En el segundo tiempo Espa\u00f1ol se tir\u00f3 atr\u00e1s y Luj\u00e1n solo pudo descontar con un gol de Eladio Ramos. As\u00ed, el equipo de la Bas\u00edlica volvi\u00f3 a perder en condici\u00f3n de local.<\/span><\/p>\n<h4><span style=\"font-family: arial, helvetica, sans-serif; font-size: 14pt;\"><strong>El Lujanero dej\u00f3 escapar el partido y ahora deber\u00e1 visitar a Atlas<\/strong><\/span><\/h4>\n<p><span style=\"font-family: arial, helvetica, sans-serif;\">En la pr\u00f3xima fecha, Luj\u00e1n visitar\u00e1 a Atlas e intentar\u00e1 levantar cabeza.<\/span><\/p>\n","protected":false},"excerpt":{"rendered":"<p>Este domingo, el Lujanero dej\u00f3 escapar un partido clave que lo hubiese acercado a los primeros puestos de la tabla. El conjunto de nuestra enfrentar\u00e1 a Atlas en la pr\u00f3xima fecha.<\/p>\n","protected":false},"author":3,"featured_media":15108,"comment_status":"closed","ping_status":"closed","sticky":false,"template":"","format":"standard","meta":{"tdm_status":"","tdm_grid_status":"","footnotes":""},"categories":[8],"tags":[359,173,117,184,130],"class_list":{"0":"post-15107","1":"post","2":"type-post","3":"status-publish","4":"format-standard","5":"has-post-thumbnail","8":"tag-deportivo-espanol","9":"tag-futbol","10":"tag-lujan","11":"tag-lujanero","12":"tag-primera-c"},"_links":{"self":[{"href":"https:\/\/diariodelujan.com\/xdeporte\/wp-json\/wp\/v2\/posts\/15107","targetHints":{"allow":["GET"]}}],"collection":[{"href":"https:\/\/diariodelujan.com\/xdeporte\/wp-json\/wp\/v2\/posts"}],"about":[{"href":"https:\/\/diariodelujan.com\/xdeporte\/wp-json\/wp\/v2\/types\/post"}],"author":[{"embeddable":true,"href":"https:\/\/diariodelujan.com\/xdeporte\/wp-json\/wp\/v2\/users\/3"}],"replies":[{"embeddable":true,"href":"https:\/\/diariodelujan.com\/xdeporte\/wp-json\/wp\/v2\/comments?post=15107"}],"version-history":[{"count":2,"href":"https:\/\/diariodelujan.com\/xdeporte\/wp-json\/wp\/v2\/posts\/15107\/revisions"}],"predecessor-version":[{"id":15110,"href":"https:\/\/diariodelujan.com\/xdeporte\/wp-json\/wp\/v2\/posts\/15107\/revisions\/15110"}],"wp:featuredmedia":[{"embeddable":true,"href":"https:\/\/diariodelujan.com\/xdeporte\/wp-json\/wp\/v2\/media\/15108"}],"wp:attachment":[{"href":"https:\/\/diariodelujan.com\/xdeporte\/wp-json\/wp\/v2\/media?parent=15107"}],"wp:term":[{"taxonomy":"category","embeddable":true,"href":"https:\/\/diariodelujan.com\/xdeporte\/wp-json\/wp\/v2\/categories?post=15107"},{"taxonomy":"post_tag","embeddable":true,"href":"https:\/\/diariodelujan.com\/xdeporte\/wp-json\/wp\/v2\/tags?post=15107"}],"curies":[{"name":"wp","href":"https:\/\/api.w.org\/{rel}","templated":true}]}}