{"id":15111,"date":"2024-11-11T18:11:30","date_gmt":"2024-11-11T21:11:30","guid":{"rendered":"https:\/\/diariodelujan.com\/xdeporte\/?p=15111"},"modified":"2024-11-16T10:51:43","modified_gmt":"2024-11-16T13:51:43","slug":"ninkov-volvio-a-los-primeros-planos-del-tc","status":"publish","type":"post","link":"https:\/\/diariodelujan.com\/xdeporte\/ninkov-volvio-a-los-primeros-planos-del-tc\/","title":{"rendered":"Ninkov volvi\u00f3 a los primeros planos del TC en ACAL"},"content":{"rendered":"<h5><span style=\"font-family: georgia, palatino, serif; font-size: 14pt;\"><em>Una muy interesante carrera se disput\u00f3 este viernes por la noche en ACAL, donde Ninkov volvi\u00f3 a los primeros planos del TC cumplimentando una fecha m\u00e1s de muy disputado \u00faltimo torneo del a\u00f1o.<\/em><\/span><\/h5>\n<p><!--more--><\/p>\n<p>En la clasificaci\u00f3n previa Diego La Vega fue el mejor con una vuelta de 4.128, 2do Javier Etchetto 4.236. 3ro H. Ninkov 4.245, 4to T. Ninkov 4.294 y 5to Fernando Guagliardi que rompi\u00f3 los cronos con una muy buena vuelta de 4.298. Gran candidato para la pr\u00f3xima del TC.<\/p>\n<p><img loading=\"lazy\" decoding=\"async\" class=\"alignnone size-full wp-image-15116\" src=\"https:\/\/diariodelujan.com\/xdeporte\/wp-content\/uploads\/2024\/11\/interpista-4.webp\" alt=\"Ninkov volvi\u00f3 a los primeros planos del TC en ACAL\" width=\"900\" height=\"559\" title=\"\" srcset=\"https:\/\/diariodelujan.com\/xdeporte\/wp-content\/uploads\/2024\/11\/interpista-4.webp 900w, https:\/\/diariodelujan.com\/xdeporte\/wp-content\/uploads\/2024\/11\/interpista-4-300x186.webp 300w, https:\/\/diariodelujan.com\/xdeporte\/wp-content\/uploads\/2024\/11\/interpista-4-768x477.webp 768w, https:\/\/diariodelujan.com\/xdeporte\/wp-content\/uploads\/2024\/11\/interpista-4-676x420.webp 676w, https:\/\/diariodelujan.com\/xdeporte\/wp-content\/uploads\/2024\/11\/interpista-4-696x432.webp 696w\" sizes=\"auto, (max-width: 900px) 100vw, 900px\" \/><\/p>\n<p>Horacio <a href=\"https:\/\/diariodelujan.com\/xdeporte\/ninkov-se-impuso-en-el-tc-lujan\/\">Ninkov<\/a>, para la categor\u00eda TC clasific\u00f3 primero en la final con un total de 158.67 vtas. mientras el siempre eficiente Sergio la Vega fue 2do cerrando en 156.26. Fue tercero el Lautaro Etchetto con un impresionante registro de 154.20, continuando con una muy buena racha de excelentes posiciones finales. Felicitaciones al podio de notables pilotos.<\/p>\n<p>El cuarto y valioso lugar fue para Tom\u00e1s Ninkov (150.64) que luch\u00f3 rueda rueda con Adri\u00e1n Simonetti quien sum\u00f3 150.61 acomodando su rendimiento y el de su auto para un 5to lugar. Fue sexto el prolijo y veloz piloto de Gral. Rodriguez Maxi Naranjo que concret\u00f3 una marca de 150.25.<\/p>\n<p><img loading=\"lazy\" decoding=\"async\" class=\"alignnone size-full wp-image-15114\" src=\"https:\/\/diariodelujan.com\/xdeporte\/wp-content\/uploads\/2024\/11\/interpista-2.webp\" alt=\"Ninkov volvi\u00f3 a los primeros planos del TC en ACAL\" width=\"900\" height=\"542\" title=\"\" srcset=\"https:\/\/diariodelujan.com\/xdeporte\/wp-content\/uploads\/2024\/11\/interpista-2.webp 900w, https:\/\/diariodelujan.com\/xdeporte\/wp-content\/uploads\/2024\/11\/interpista-2-300x181.webp 300w, https:\/\/diariodelujan.com\/xdeporte\/wp-content\/uploads\/2024\/11\/interpista-2-768x463.webp 768w, https:\/\/diariodelujan.com\/xdeporte\/wp-content\/uploads\/2024\/11\/interpista-2-697x420.webp 697w, https:\/\/diariodelujan.com\/xdeporte\/wp-content\/uploads\/2024\/11\/interpista-2-696x419.webp 696w\" sizes=\"auto, (max-width: 900px) 100vw, 900px\" \/><\/p>\n<p>Mientras esto ocurr\u00eda Fernando Guagliardi, siempre de muy buenas actuaciones, clav\u00f3 en esta oportunidad la suma de 150.12 giros. Fue octavo el eximio piloto preparador Javier Etcheto que sum\u00f3 149.28. Para el noveno lugar clasific\u00f3 en la final Jos\u00e9 Rodr\u00edguez, el velocista de A.D.A. de la gente de Del Viso. Hablando de la pista de la calle Independencia 6826 , lo que resta de Noviembre y en especial Diciembre ser\u00e1 escenario de importantes eventos relacionados con el cierre de campeonatos muy importantes. Se esperan definiciones \u00a1\u00a1\u00a1<\/p>\n<p><img loading=\"lazy\" decoding=\"async\" class=\"alignnone size-full wp-image-15115\" src=\"https:\/\/diariodelujan.com\/xdeporte\/wp-content\/uploads\/2024\/11\/interpista-3.webp\" alt=\"Ninkov volvi\u00f3 a los primeros planos del TC en ACAL\" width=\"698\" height=\"506\" title=\"\" srcset=\"https:\/\/diariodelujan.com\/xdeporte\/wp-content\/uploads\/2024\/11\/interpista-3.webp 698w, https:\/\/diariodelujan.com\/xdeporte\/wp-content\/uploads\/2024\/11\/interpista-3-300x217.webp 300w, https:\/\/diariodelujan.com\/xdeporte\/wp-content\/uploads\/2024\/11\/interpista-3-579x420.webp 579w, https:\/\/diariodelujan.com\/xdeporte\/wp-content\/uploads\/2024\/11\/interpista-3-696x505.webp 696w\" sizes=\"auto, (max-width: 698px) 100vw, 698px\" \/><\/p>\n<p>Fue 10mo con 149.14 vtas Pasty Melconian que apuntaba para estar mucho m\u00e1s adelante.<\/p>\n<p>Clasific\u00f3 d\u00e9cimo primero con un registro de 146.60 Daniel Amantini, el veloz y contundente piloto de General Rodr\u00edguez, que por momentos no tuvo mucha suerte clav\u00f3 143.67 superando a Julio Bevilaqua, el pilotazo de Moreno, que esta vez estuvo en el d\u00e9cimo segundo lugar ( 137.70). Fue 13ro Javier Braiotta, con una decoraci\u00f3n publicitaria que resulta a la vista un lujo , sumando 137.08 y 14to. Gustavo Mellado con la paciencia y el trabajo que le acostumbramos a ver, pero en una v\u00eda clav\u00f3 nada m\u00e1s que tres vueltas y por lo tanto registrando 119.00 vtas<\/p>\n<p>Interesante competencia de la categor\u00eda <a href=\"https:\/\/diariodelujan.com\/xdeporte\/vuelven-las-cupecitas-del-tc-a-las-rutas-de-rojas\/\">Turismo Carretera<\/a>, la m\u00e1xima, en la pista de ACAL sita en Venerando Rodr\u00edguez 113 de la Ciudad Capital de la F\u00e9.<\/p>\n<p>Nota Ricardo Vega<br \/>\nServicio de prensa<br \/>\nContacto 67036196<br \/>\nImagenes exclusivas de<br \/>\nPasty Melconian y Lautaro Etchetto<\/p>\n","protected":false},"excerpt":{"rendered":"<p>Una muy interesante carrera se disput\u00f3 este viernes por la noche en ACAL, donde Ninkov volvi\u00f3 a los primeros planos del TC cumplimentando una fecha m\u00e1s de muy disputado \u00faltimo torneo del a\u00f1o.<\/p>\n","protected":false},"author":4,"featured_media":15113,"comment_status":"closed","ping_status":"closed","sticky":false,"template":"","format":"standard","meta":{"tdm_status":"","tdm_grid_status":"","footnotes":""},"categories":[20],"tags":[18,19,57],"class_list":{"0":"post-15111","1":"post","2":"type-post","3":"status-publish","4":"format-standard","5":"has-post-thumbnail","7":"category-automodelismo","8":"tag-acal","9":"tag-automodelismo","10":"tag-ninkov"},"_links":{"self":[{"href":"https:\/\/diariodelujan.com\/xdeporte\/wp-json\/wp\/v2\/posts\/15111","targetHints":{"allow":["GET"]}}],"collection":[{"href":"https:\/\/diariodelujan.com\/xdeporte\/wp-json\/wp\/v2\/posts"}],"about":[{"href":"https:\/\/diariodelujan.com\/xdeporte\/wp-json\/wp\/v2\/types\/post"}],"author":[{"embeddable":true,"href":"https:\/\/diariodelujan.com\/xdeporte\/wp-json\/wp\/v2\/users\/4"}],"replies":[{"embeddable":true,"href":"https:\/\/diariodelujan.com\/xdeporte\/wp-json\/wp\/v2\/comments?post=15111"}],"version-history":[{"count":6,"href":"https:\/\/diariodelujan.com\/xdeporte\/wp-json\/wp\/v2\/posts\/15111\/revisions"}],"predecessor-version":[{"id":15121,"href":"https:\/\/diariodelujan.com\/xdeporte\/wp-json\/wp\/v2\/posts\/15111\/revisions\/15121"}],"wp:featuredmedia":[{"embeddable":true,"href":"https:\/\/diariodelujan.com\/xdeporte\/wp-json\/wp\/v2\/media\/15113"}],"wp:attachment":[{"href":"https:\/\/diariodelujan.com\/xdeporte\/wp-json\/wp\/v2\/media?parent=15111"}],"wp:term":[{"taxonomy":"category","embeddable":true,"href":"https:\/\/diariodelujan.com\/xdeporte\/wp-json\/wp\/v2\/categories?post=15111"},{"taxonomy":"post_tag","embeddable":true,"href":"https:\/\/diariodelujan.com\/xdeporte\/wp-json\/wp\/v2\/tags?post=15111"}],"curies":[{"name":"wp","href":"https:\/\/api.w.org\/{rel}","templated":true}]}}