{"id":15135,"date":"2024-11-14T08:59:33","date_gmt":"2024-11-14T11:59:33","guid":{"rendered":"https:\/\/diariodelujan.com\/xdeporte\/?p=15135"},"modified":"2024-11-16T10:24:48","modified_gmt":"2024-11-16T13:24:48","slug":"argentina-visita-a-paraguay","status":"publish","type":"post","link":"https:\/\/diariodelujan.com\/xdeporte\/argentina-visita-a-paraguay\/","title":{"rendered":"Argentina visita a Paraguay y ya piensa en el Mundial 2026"},"content":{"rendered":"<h5><span style=\"font-family: georgia, palatino, serif; font-size: 14pt;\"><em>Con Lionel Messi a la cabeza, la Selecci\u00f3n Argentina visita el Estadio Defensores de Chaco en busca de afirmar un nuevo paso a la clasificaci\u00f3n a la cita m\u00e1xima.<\/em><\/span><\/h5>\n<p><!--more--><\/p>\n<p>La Albiceleste ir\u00e1 en busca de dar un paso m\u00e1s en la clasificaci\u00f3n al Mundial 2026, cuando este jueves, desde las 20.30, visite el Estadio Defensores del Chaco para enfrentar a Paraguay, por la fecha 11 de las Eliminatorias Sudamericanas rumbo a la Copa del Mundo que se desarrollar\u00e1 en Estados Unidos, M\u00e9xico y Canad\u00e1.<\/p>\n<p>Para este duelo, Lionel Scaloni contar\u00e1 con la presencia de Lionel Messi, los regresos de Emiliano Mart\u00ednez y Gio Lo Celso, las sensibles ausencias de Lisandro Mart\u00ednez, Germ\u00e1n Pezzella y Nicol\u00e1s Gonz\u00e1lez, y la gran sorpresa de Enzo Barrenechea en la lista de convocados.<\/p>\n<p>El arquero titular argentino volver\u00e1 a custodiar los tres palos albicelestes tras haber cumplido su condena por su accionar en la ca\u00edda ante Colombia, pero no es el \u00fanico soldado con el que el estratega nacional podr\u00e1 contar nuevamente, ya que Lo Celso y Alejandro Garnacho reaparecieron en una lista que tambi\u00e9n cuenta con Valent\u00edn Castellanos y Nehu\u00e9n P\u00e9rez como flamantes regresos.<\/p>\n<p>Asimismo, entre las novedades para tener en cuenta, Nico Gonz\u00e1lez fue desafectado ya que no pudo recuperarse de una lesi\u00f3n muscular que hab\u00eda sufrido en la segunda fecha de la fase de grupos de la Champions League. Por ahora no se confirm\u00f3 si habr\u00e1 un reemplazante: los que estaban como opciones concretas eran Paulo Dybala, quien volvi\u00f3 a quedarse afuera, y Mat\u00edas Soul\u00e9, ambos de Roma, pero ninguno fue llamado hasta el momento.<\/p>\n<p>Por su parte, Cuti Romero sufri\u00f3 un golpe en el dedo gordo de su pie derecho en la pasada jornada de la Premier League, pero igualmente est\u00e1 a disposici\u00f3n. Suerte contraria a la del zaguero de River anteriormente mencionado que se qued\u00f3 afuera del cierre del a\u00f1o por una lesi\u00f3n muscular.<\/p>\n<p>El martes fue llamado Facundo Medina, quien reemplazar\u00e1 a Licha Mart\u00ednez porque este fue desafectado por un fuerte golpe sufrido ante el Leicester el pasado fin de semana. El zaguero de Lens le gan\u00f3 la pulseada a Marcos Senesi, otro que est\u00e1 a muy buen nivel, a tal punto que fue elegido jugador del mes en el Bournemouth de la Premier League. Esto se debe a que puede jugar tanto de central como lateral por izquieda, mismos roles que puede ocupar el ex-Ajax.<\/p>\n<p>Con Emiliano Mart\u00ednez en el arco y sin Lisandro en la zaga central, la defensa sale pr\u00e1cticamente de memoria: Nahuel Molina, Cristian Romero, Nicol\u00e1s Otamendi y Nicol\u00e1s Tagliafico. En el medio, Rodrigo De Paul, Enzo Fern\u00e1ndez y Alexis Mac Allister tienen un lugar asegurado, al igual que Lionel Messi en la delantera.<\/p>\n<p>La duda de Scaloni es en el ataque, en el que Juli\u00e1n \u00c1lvarez y Lautaro Mart\u00ednez pelean por el puesto, aunque tambi\u00e9n est\u00e1 la posibilidad de que vuelvan a jugar juntos. El DT analiza si usar a los tres con una formaci\u00f3n 4-3-3 o sacar a un delantero e incluir a un mediocampista. Si se decide por un 4-4-2, otros volantes tendr\u00edan chances de ir desde el arranque: Giovani Lo Celso, Leandro Paredes o incluso Thiago Almada (que tiene caracter\u00edsticas m\u00e1s ofensivas).<\/p>\n<p>En conferencia de prensa, Scaloni afirm\u00f3 que planea plantar un equipo similar al que enfrent\u00f3 a la Verde en el Monumental: &#8220;Tengo bastante decidido el equipo, va a ser bastante similar al del \u00faltimo partido, con Bolivia. No se los confirm\u00e9 a ellos, tengo alguna duda&#8221;.<\/p>\n<h3><span style=\"font-size: 14pt;\">Probables formaciones de Argentina y Paraguay<\/span><\/h3>\n<p><strong>Paraguay:<\/strong> Roberto Fern\u00e1ndez; Juan Vel\u00e1zquez, Gustavo G\u00f3mez, Omar Alderete, Junior Alonso; Andr\u00e9s Cubas, Diego G\u00f3mez, Miguel Almir\u00f3n, Julio Enciso; Ram\u00f3n Sosa e Isidro Pitta. DT: Gustavo Alfaro.<\/p>\n<p><strong>Argentina:<\/strong> Emiliano Mart\u00ednez; Nahuel Molina, Cristian Romero, Nicol\u00e1s Otamendi, Nicol\u00e1s Tagliafico; Rodrigo De Paul, Alexis Mac Allister, Enzo Fern\u00e1ndez, Lionel Messi, Juli\u00e1n \u00c1lvarez y Lautaro Mart\u00ednez o Giovani Lo Celso o Leandro Paredes. DT: Lionel Scaloni.<\/p>\n<p><strong>Estadio:<\/strong> Defensores de Chaco de Asunci\u00f3n (Paraguay).<br \/>\n<strong>\u00c1rbitro:<\/strong> Anderson Daronco (Brasil).<br \/>\n<strong>Hora de inicio:<\/strong> 20.30.<\/p>\n<p><strong>Brasil va a Venezuela con la vuelta de Vinicius<\/strong><br \/>\nLa Verdeamarela busca confirmar la levantada de la \u00faltima doble fecha contra los del &#8220;Bocha&#8221; Batista, que vienen en baja.<\/p>\n<p>Con la novedad del regreso de Vinicius, Brasil (4\u00ba con 16 puntos) visitar\u00e1 este jueves a Venezuela (8\u00ba con 11) para darle inicio a la und\u00e9cima fecha de las Eliminatorias, que tendr\u00e1 m\u00e1s tarde el duelo entre Ecuador (5\u00ba con 13) y Bolivia (7\u00ba con 12), un mano a mano entre rivales directos de acuerdo a su ubicaci\u00f3n en las posiciones.<br \/>\nEl primer partido podr\u00e1 verse desde las 18 por TyC Sports mientras que el segundo ir\u00e1 por cuenta de DSports a partir de las 21. La fecha se completar\u00e1 el viernes con el atractivo cruce entre la Uruguay de Bielsa (3\u00ba con 16) y la Colombia de Lorenzo (2\u00ba con 19) desde las 21 en Montevideo, y el partido entre los necesitados Per\u00fa (9\u00ba con 6) y Chile (5\u00ba con 10) a las 22:30.<\/p>\n<p>Brasil aprovech\u00f3 con creces la gentileza que le present\u00f3 el fixture de la doble fecha pasada y se acomod\u00f3 luego de superar a los peores de la tabla, Chile (2-1 de visitante) y Per\u00fa (4-0 de local). Previo a ello, la Verdeamarela acumulaba cuatro derrotas en sus \u00faltimas cinco presentaciones y, de no ser el Mundial que viene uno de 48 selecciones, hubiese puesto muy en duda su presencia en 2026.<\/p>\n<p>Habr\u00e1 que ver c\u00f3mo se incorpora al equipo Vinicius, quien viene rindiendo muy por debajo del nivel que muestra en el Real Madrid cuando juega con la camiseta amarilla. Para colmo, no estuvo en la doble fecha anterior, aunque viene de marcar tres goles en la \u00faltima jornada de la Liga de Espa\u00f1a.<\/p>\n<p>Enfrente estar\u00e1 Venezuela, que transita el camino opuesto en estas Eliminatorias. El equipo dirigido por el &#8220;Bocha&#8221; Batista tuvo un gran arranque que le permiti\u00f3 ilusionarse con su primera presencia mundialista pero viene en picada: no gana desde la cuarta fecha (cuatro empates, incluido el 1-1 con Argentina, y dos derrotas) y con 11 puntos cay\u00f3 por debajo del repechaje.<\/p>\n<p>La acci\u00f3n del jueves la estar\u00e1n cerrando Ecuador y Bolivia en Guayaquil. El local viene sufriendo mucho la falta de gol, cuesti\u00f3n que no solucion\u00f3 con la llegada de Sebasti\u00e1n Beccacece como DT. Con el rubio al frente suma estos resultados: 0-1 en Brasil, 1-0 a Per\u00fa, 0-0 con Paraguay y 0-0 en Uruguay. A su vez, es el equipo menos goleado de las Eliminatorias junto a Paraguay (cuatro en contra) pero sufre en exceso la quita de tres puntos que le puso Conmebol por la mala inclusi\u00f3n de un jugador en la clasificaci\u00f3n pasada.<\/p>\n<p>Por Bolivia, una de las sensaciones del torneo, habr\u00e1 que ver c\u00f3mo se repone del duro 6-0 recibido en Buenos Aires. Hasta esa patinada, la Verde sumaba tres victorias en fila bajo la direcci\u00f3n t\u00e9cnica de Oscar Villegas para volver a ilusionarse seriamente con retornar a un Mundial luego de su paso por Estados Unidos 1994.<\/p>\n<p>Cronograma de la fecha 11 de las eliminatorias sudamericanas<br \/>\n<strong>Jueves 14 de noviembre<\/strong><br \/>\n18: Venezuela vs. Brasil &#8211; TyC Sports.<br \/>\n20.30: Paraguay vs. Argentina &#8211; Telef\u00e9 y TyC Sports.<br \/>\n21: Ecuador vs. Bolivia &#8211; DSports.<br \/>\n<strong>Viernes 15 de noviembre<\/strong><br \/>\n21: Uruguay vs. Colombia &#8211; TyC Sports.<br \/>\n22.30: Per\u00fa vs. Chile &#8211; DSports.<\/p>\n","protected":false},"excerpt":{"rendered":"<p>Con Lionel Messi a la cabeza, la Selecci\u00f3n Argentina visita el Estadio Defensores de Chaco en busca de afirmar un nuevo paso a la clasificaci\u00f3n a la cita m\u00e1xima.<\/p>\n","protected":false},"author":4,"featured_media":15137,"comment_status":"closed","ping_status":"closed","sticky":false,"template":"","format":"standard","meta":{"tdm_status":"","tdm_grid_status":"","footnotes":""},"categories":[8],"tags":[153,360,361],"class_list":{"0":"post-15135","1":"post","2":"type-post","3":"status-publish","4":"format-standard","5":"has-post-thumbnail","7":"category-futbol","8":"tag-argentina","9":"tag-paraguay","10":"tag-seleccion"},"_links":{"self":[{"href":"https:\/\/diariodelujan.com\/xdeporte\/wp-json\/wp\/v2\/posts\/15135","targetHints":{"allow":["GET"]}}],"collection":[{"href":"https:\/\/diariodelujan.com\/xdeporte\/wp-json\/wp\/v2\/posts"}],"about":[{"href":"https:\/\/diariodelujan.com\/xdeporte\/wp-json\/wp\/v2\/types\/post"}],"author":[{"embeddable":true,"href":"https:\/\/diariodelujan.com\/xdeporte\/wp-json\/wp\/v2\/users\/4"}],"replies":[{"embeddable":true,"href":"https:\/\/diariodelujan.com\/xdeporte\/wp-json\/wp\/v2\/comments?post=15135"}],"version-history":[{"count":3,"href":"https:\/\/diariodelujan.com\/xdeporte\/wp-json\/wp\/v2\/posts\/15135\/revisions"}],"predecessor-version":[{"id":15140,"href":"https:\/\/diariodelujan.com\/xdeporte\/wp-json\/wp\/v2\/posts\/15135\/revisions\/15140"}],"wp:featuredmedia":[{"embeddable":true,"href":"https:\/\/diariodelujan.com\/xdeporte\/wp-json\/wp\/v2\/media\/15137"}],"wp:attachment":[{"href":"https:\/\/diariodelujan.com\/xdeporte\/wp-json\/wp\/v2\/media?parent=15135"}],"wp:term":[{"taxonomy":"category","embeddable":true,"href":"https:\/\/diariodelujan.com\/xdeporte\/wp-json\/wp\/v2\/categories?post=15135"},{"taxonomy":"post_tag","embeddable":true,"href":"https:\/\/diariodelujan.com\/xdeporte\/wp-json\/wp\/v2\/tags?post=15135"}],"curies":[{"name":"wp","href":"https:\/\/api.w.org\/{rel}","templated":true}]}}