{"id":15141,"date":"2024-11-16T00:20:39","date_gmt":"2024-11-16T03:20:39","guid":{"rendered":"https:\/\/diariodelujan.com\/xdeporte\/?p=15141"},"modified":"2024-11-16T00:20:39","modified_gmt":"2024-11-16T03:20:39","slug":"lujan-visita-a-atlas","status":"publish","type":"post","link":"https:\/\/diariodelujan.com\/xdeporte\/lujan-visita-a-atlas\/","title":{"rendered":"Luj\u00e1n visita a Atlas en el Ricardo Puga"},"content":{"rendered":"<h5><span style=\"font-family: georgia, palatino, serif; font-size: 14pt;\">Este s\u00e1bado, a partir de las 17 hs, <a href=\"https:\/\/www.facebook.com\/www.clublujan.com.ar\" target=\"_blank\" rel=\"noopener\">Luj\u00e1n<\/a> visita a Atlas en el estadio Ricardo Puga por la fecha 22 del Clausura de la Primera C.<\/span><\/h5>\n<p><!--more--><\/p>\n<p><span style=\"font-family: arial, helvetica, sans-serif;\">Luego de las <a href=\"https:\/\/diariodelujan.com\/xdeporte\/el-lujanero-dejo-escapar-tres-tantos\/\" target=\"_blank\" rel=\"noopener\">derrotas con los elencos espa\u00f1oles<\/a>, Luj\u00e1n visita a Atlas este fin de semana buscando levantar cabeza.<\/span><\/p>\n<h4><span style=\"font-size: 14pt; font-family: arial, helvetica, sans-serif;\"><strong>Luj\u00e1n visita a Atlas con la necesidad de sumar puntos<\/strong><\/span><\/h4>\n<p><span style=\"font-family: arial, helvetica, sans-serif;\"><em>El Lujanero<\/em> cay\u00f3 derrotado ante Centro Espa\u00f1ol en la fecha 20 por 2 a 1. Despu\u00e9s de eso, perdi\u00f3 contra Deportivo Espa\u00f1ol por el mismo resultado en la fecha 21. Tras esta doble derrota, el conjunto de la Bas\u00edlica buscar\u00e1 levantar cabeza ante los rodriguenses.<\/span><\/p>\n<p><span style=\"font-family: arial, helvetica, sans-serif;\"><em>El Marr\u00f3n<\/em>, por su lado, arrastra una racha de cuatro encuentros sin conocer la victoria (tras dos empates ante Berazategui y Sportivo Barracas y dos derrotas frente a Yupanqui y JJ). Con este contexto, recibe a los lujanenses con la necesidad de ganar.<\/span><\/p>\n","protected":false},"excerpt":{"rendered":"<p>Este s\u00e1bado, a partir de las 17 hs, Luj\u00e1n visita a Atlas en el estadio Ricardo Puga por la fecha 22 del Clausura de la Primera C.<\/p>\n","protected":false},"author":3,"featured_media":15143,"comment_status":"closed","ping_status":"closed","sticky":false,"template":"","format":"standard","meta":{"tdm_status":"","tdm_grid_status":"","footnotes":""},"categories":[2,8],"tags":[362,173,117,184,130],"class_list":{"0":"post-15141","1":"post","2":"type-post","3":"status-publish","4":"format-standard","5":"has-post-thumbnail","7":"category-featured","8":"category-futbol","9":"tag-atlas","10":"tag-futbol","11":"tag-lujan","12":"tag-lujanero","13":"tag-primera-c"},"_links":{"self":[{"href":"https:\/\/diariodelujan.com\/xdeporte\/wp-json\/wp\/v2\/posts\/15141","targetHints":{"allow":["GET"]}}],"collection":[{"href":"https:\/\/diariodelujan.com\/xdeporte\/wp-json\/wp\/v2\/posts"}],"about":[{"href":"https:\/\/diariodelujan.com\/xdeporte\/wp-json\/wp\/v2\/types\/post"}],"author":[{"embeddable":true,"href":"https:\/\/diariodelujan.com\/xdeporte\/wp-json\/wp\/v2\/users\/3"}],"replies":[{"embeddable":true,"href":"https:\/\/diariodelujan.com\/xdeporte\/wp-json\/wp\/v2\/comments?post=15141"}],"version-history":[{"count":2,"href":"https:\/\/diariodelujan.com\/xdeporte\/wp-json\/wp\/v2\/posts\/15141\/revisions"}],"predecessor-version":[{"id":15147,"href":"https:\/\/diariodelujan.com\/xdeporte\/wp-json\/wp\/v2\/posts\/15141\/revisions\/15147"}],"wp:featuredmedia":[{"embeddable":true,"href":"https:\/\/diariodelujan.com\/xdeporte\/wp-json\/wp\/v2\/media\/15143"}],"wp:attachment":[{"href":"https:\/\/diariodelujan.com\/xdeporte\/wp-json\/wp\/v2\/media?parent=15141"}],"wp:term":[{"taxonomy":"category","embeddable":true,"href":"https:\/\/diariodelujan.com\/xdeporte\/wp-json\/wp\/v2\/categories?post=15141"},{"taxonomy":"post_tag","embeddable":true,"href":"https:\/\/diariodelujan.com\/xdeporte\/wp-json\/wp\/v2\/tags?post=15141"}],"curies":[{"name":"wp","href":"https:\/\/api.w.org\/{rel}","templated":true}]}}