{"id":15168,"date":"2024-11-16T23:47:46","date_gmt":"2024-11-17T02:47:46","guid":{"rendered":"https:\/\/diariodelujan.com\/xdeporte\/?p=15168"},"modified":"2024-11-18T19:02:09","modified_gmt":"2024-11-18T22:02:09","slug":"lujan-le-gano-a-atlas","status":"publish","type":"post","link":"https:\/\/diariodelujan.com\/xdeporte\/lujan-le-gano-a-atlas\/","title":{"rendered":"Luj\u00e1n le gan\u00f3 a Atlas por la m\u00ednima diferencia"},"content":{"rendered":"<h5><span style=\"font-family: georgia, palatino, serif; font-size: 14pt;\"><em>Este s\u00e1bado, <a href=\"https:\/\/www.facebook.com\/www.clublujan.com.ar\" target=\"_blank\" rel=\"noopener\">Luj\u00e1n<\/a> le gan\u00f3 a Atlas en el Ricardo Puga con gol de Pedro Alfonso. En la pr\u00f3xima fecha, los dirigidos por Fredes recibir\u00e1n a Cambaceres en el 1\u00b0 de Abril.<\/em><\/span><\/h5>\n<p><!--more--><\/p>\n<p>En el marco de la fecha 22, Luj\u00e1n le gan\u00f3 a Atlas por 1 a 0 y dej\u00f3 atr\u00e1s las <a href=\"https:\/\/diariodelujan.com\/xdeporte\/el-lujanero-dejo-escapar-tres-tantos\/\" target=\"_blank\" rel=\"noopener\">derrotas sufridas ante los elencos gallegos<\/a>.<\/p>\n<p>Desde el principio del partido, <em>el Lujanero<\/em> tom\u00f3 las riendas del partido, generando peligro en el \u00e1rea del conjunto local. A los 30 minutos de juego, Pedro Alfonso super\u00f3 al arquero Olivares y coloc\u00f3 el 1-0 a favor de la visita.<\/p>\n<p>En el segundo tiempo, Atlas fue en busca del empate, pero Luj\u00e1n fue r\u00e1pido para recuperar la pelota y estuvo cerca de convertir el segundo gol, pero la definici\u00f3n de los delanteros no fue la mejor.<\/p>\n<h4><strong>Luj\u00e1n le gan\u00f3 a Atlas y ahora recibir\u00e1 a Cambaceres<\/strong><\/h4>\n<p>As\u00ed, el equipo de la banda volvi\u00f3 a sumar una nueva victoria tras dos derrotas al hilo. En su pr\u00f3ximo compromiso, Luj\u00e1n recibir\u00e1 a Cambaceres en casa, por la fecha 23.<\/p>\n","protected":false},"excerpt":{"rendered":"<p>Este s\u00e1bado, Luj\u00e1n le gan\u00f3 a Atlas en el Ricardo Puga con gol de Pedro Alfonso. En la pr\u00f3xima fecha, los dirigidos por Fredes recibir\u00e1n a Cambaceres en el 1\u00b0 de Abril.<\/p>\n","protected":false},"author":3,"featured_media":15170,"comment_status":"closed","ping_status":"closed","sticky":false,"template":"","format":"standard","meta":{"tdm_status":"","tdm_grid_status":"","footnotes":""},"categories":[8],"tags":[362,173,117,184,130],"class_list":{"0":"post-15168","1":"post","2":"type-post","3":"status-publish","4":"format-standard","5":"has-post-thumbnail","7":"category-futbol","8":"tag-atlas","9":"tag-futbol","10":"tag-lujan","11":"tag-lujanero","12":"tag-primera-c"},"_links":{"self":[{"href":"https:\/\/diariodelujan.com\/xdeporte\/wp-json\/wp\/v2\/posts\/15168","targetHints":{"allow":["GET"]}}],"collection":[{"href":"https:\/\/diariodelujan.com\/xdeporte\/wp-json\/wp\/v2\/posts"}],"about":[{"href":"https:\/\/diariodelujan.com\/xdeporte\/wp-json\/wp\/v2\/types\/post"}],"author":[{"embeddable":true,"href":"https:\/\/diariodelujan.com\/xdeporte\/wp-json\/wp\/v2\/users\/3"}],"replies":[{"embeddable":true,"href":"https:\/\/diariodelujan.com\/xdeporte\/wp-json\/wp\/v2\/comments?post=15168"}],"version-history":[{"count":2,"href":"https:\/\/diariodelujan.com\/xdeporte\/wp-json\/wp\/v2\/posts\/15168\/revisions"}],"predecessor-version":[{"id":15171,"href":"https:\/\/diariodelujan.com\/xdeporte\/wp-json\/wp\/v2\/posts\/15168\/revisions\/15171"}],"wp:featuredmedia":[{"embeddable":true,"href":"https:\/\/diariodelujan.com\/xdeporte\/wp-json\/wp\/v2\/media\/15170"}],"wp:attachment":[{"href":"https:\/\/diariodelujan.com\/xdeporte\/wp-json\/wp\/v2\/media?parent=15168"}],"wp:term":[{"taxonomy":"category","embeddable":true,"href":"https:\/\/diariodelujan.com\/xdeporte\/wp-json\/wp\/v2\/categories?post=15168"},{"taxonomy":"post_tag","embeddable":true,"href":"https:\/\/diariodelujan.com\/xdeporte\/wp-json\/wp\/v2\/tags?post=15168"}],"curies":[{"name":"wp","href":"https:\/\/api.w.org\/{rel}","templated":true}]}}